{"id":78107,"date":"2025-05-06T01:51:06","date_gmt":"2025-05-06T01:51:06","guid":{"rendered":"https:\/\/www.europesays.com\/fr\/78107\/"},"modified":"2025-05-06T01:51:06","modified_gmt":"2025-05-06T01:51:06","slug":"ce-que-lon-sait-du-principal-suspect-un-saoudien-de-50-ans","status":"publish","type":"post","link":"https:\/\/www.europesays.com\/fr\/78107\/","title":{"rendered":"ce que l&rsquo;on sait du principal suspect, un Saoudien de 50 ans"},"content":{"rendered":"<p class=\"article-p mdl\">L&rsquo;Allemagne sous le choc. Vendredi 20 d\u00e9cembre, un SUV noir a fonc\u00e9 sur la foule d&rsquo;un march\u00e9 de No\u00ebl \u00e0\u00a0Magdebourg, faisant <strong>au moins deux morts, un adulte et un enfant, et pr\u00e8s de 70 bless\u00e9s<\/strong>, dont quinze gri\u00e8vement.\u00a0<\/p>\n<p class=\"article-p mdl\"><strong>Taleb A., m\u00e9decin de 50 ans, originaire d&rsquo;Arabie saoudite<\/strong>, a \u00e9t\u00e9 arr\u00eat\u00e9 apr\u00e8s cet\u00a0<a class=\"link\" href=\"https:\/\/www.rtl.fr\/actu\/international\/suspicion-d-attentat-en-allemagne-ce-que-l-on-sait-des-evenements-au-marche-de-noel-de-magdebourg-7900453771\" title=\"Suspicion d&#039;attentat en Allemagne : ce que l&#039;on sait des \u00e9v\u00e8nements du march\u00e9 de No\u00ebl de Magdebourg\" target=\"_blank\" rel=\"noopener\">attentat pr\u00e9sum\u00e9<\/a>\u00a0quelques heures apr\u00e8s le drame. Arriv\u00e9 en Allemagne en 2006 et disposant d&rsquo;un statut de r\u00e9fugi\u00e9, il exer\u00e7ait dans la r\u00e9gion de\u00a0Saxe-Anhalt, dont Magdebourg, \u00e0 160 kilom\u00e8tres de Berlin, est la capitale r\u00e9gionale.<\/p>\n<p class=\"article-p mdl\">L&rsquo;homme n&rsquo;\u00e9tait <strong>pas connu des services de police comme islamiste et a \u00ab\u00a0agi seul\u00a0\u00bb<\/strong>, a indiqu\u00e9\u00a0Reiner Haseloff, le chef du gouvernement r\u00e9gional. \u00c0 l&rsquo;heure actuelle, ses motivations \u00ab\u00a0restent myst\u00e9rieuses\u00a0\u00bb, a jug\u00e9 l&rsquo;hebdomadaire Der Spiegel. \u00ab\u00a0Un arri\u00e8re-plan islamiste semble exclu\u00a0\u00bb.<\/p>\n<p class=\"article-p mdl\">Au contraire, selon plusieurs m\u00e9dias allemands, Taleb A. a relay\u00e9, sur ses r\u00e9seaux sociaux, des <strong>opinions d\u00e9non\u00e7ant les dangers de l&rsquo;islamisation<\/strong>. Selon <a class=\"link\" href=\"https:\/\/www.spiegel.de\/panorama\/justiz\/magdeburg-news-autofahrer-faehrt-in-menschenmenge-behoerden-gehen-von-anschlag-aus-a-58a3c255-9a4b-45a8-8e65-8ceac63477cd\" target=\"_blank\" rel=\"noopener\">Der Spiegel<\/a>, il partageait des id\u00e9ologies conspirationnistes et relayait, entre autres, les opinions d&rsquo;Elon Musk. Ce dernier exprime de plus en plus ouvertement sa sympathie pour les partis d&rsquo;extr\u00eame-droite.<\/p>\n<p>            Proximit\u00e9 avec l&rsquo;AfD<\/p>\n<p class=\"article-p mdl\">Ses nombreuses prises de positions sur les r\u00e9seaux sociaux dressent le portrait d&rsquo;u<strong>n homme se sentant pers\u00e9cut\u00e9, ayant rompu avec l&rsquo;islam<\/strong> et d\u00e9non\u00e7ant les \u00ab\u00a0dangers\u00a0\u00bb d&rsquo;une islamisation de l&rsquo;Allemagne.<\/p>\n<p class=\"article-p mdl\">\u00c0 l&rsquo;instar de Der Spiegel, plusieurs m\u00e9dias allemands d\u00e9montrent ses accointances avec l&rsquo;extr\u00eame-droite allemande et\u00a0<strong>soutiendrait du parti\u00a0<\/strong><strong>Alternative f\u00fcr Deutschland<\/strong> (AfD,\u00a0Alternative pour l&rsquo;Allemagne), le parti d&rsquo;extr\u00eame-droite. \u00ab\u00a0Qui d&rsquo;autre combat l&rsquo;islam en Allemagne\u00a0\u00bb, a-t-il notamment r\u00e9pondu \u00e0 un internaute lui demandant la raison de sa proximit\u00e9 avec l&rsquo;AfD.<\/p>\n<p class=\"article-p mdl\"><strong>\u00ab\u00a0L&rsquo;Allemagne doit prot\u00e9ger ses fronti\u00e8res contre l&rsquo;immigration ill\u00e9gale.<\/strong> Il s&rsquo;est av\u00e9r\u00e9 que la politique frontali\u00e8re ouverte \u00e9tait un plan de [Angela] Merkel pour islamiser l&rsquo;Europe\u00a0\u00bb, a-t-il \u00e9crit.\u00a0<\/p>\n<p class=\"article-p mdl\">Le m\u00e9dia allemand r\u00e9v\u00e8le \u00e9galement que Taleb A. a longtemps conseill\u00e9 des femmes d&rsquo;Arabie saoudite sur leurs possibilit\u00e9s de fuir le pays. Pour ce faire, il <strong>g\u00e9rait un site internet relayant des informations sur le syst\u00e8me d&rsquo;asile allemand<\/strong>.\u00a0<\/p>\n<p>    La r\u00e9daction vous recommande<\/p>\n<p class=\"s-newsletter__title\">\n                L\u2019actualit\u00e9 par la r\u00e9daction de RTL dans votre bo\u00eete mail.\n            <\/p>\n<p class=\"s-newsletter__subtitle\">\n                Gr\u00e2ce \u00e0 votre compte RTL abonnez-vous \u00e0 la newsletter RTL info pour suivre toute l&rsquo;actualit\u00e9 au quotidien\n            <\/p>\n<p>\n                                    Lire la suite\n                                <\/p>\n","protected":false},"excerpt":{"rendered":"L&rsquo;Allemagne sous le choc. Vendredi 20 d\u00e9cembre, un SUV noir a fonc\u00e9 sur la foule d&rsquo;un march\u00e9 de&hellip;\n","protected":false},"author":2,"featured_media":78108,"comment_status":"","ping_status":"","sticky":false,"template":"","format":"standard","meta":{"footnotes":""},"categories":[1587],"tags":[11,672,5581,1804,1805,1803,1777,674,107,1801,12,15830,1802],"class_list":{"0":"post-78107","1":"post","2":"type-post","3":"status-publish","4":"format-standard","5":"has-post-thumbnail","7":"category-allemagne","8":"tag-actualites","9":"tag-allemagne","10":"tag-attentat","11":"tag-bundesrepublik-deutschland","12":"tag-de","13":"tag-deutschland","14":"tag-eu","15":"tag-europe","16":"tag-fil-info","17":"tag-germany","18":"tag-news","19":"tag-noel","20":"tag-republique-federale-dallemagne"},"share_on_mastodon":{"url":"https:\/\/pubeurope.com\/@fr\/114458386954258903","error":""},"_links":{"self":[{"href":"https:\/\/www.europesays.com\/fr\/wp-json\/wp\/v2\/posts\/78107","targetHints":{"allow":["GET"]}}],"collection":[{"href":"https:\/\/www.europesays.com\/fr\/wp-json\/wp\/v2\/posts"}],"about":[{"href":"https:\/\/www.europesays.com\/fr\/wp-json\/wp\/v2\/types\/post"}],"author":[{"embeddable":true,"href":"https:\/\/www.europesays.com\/fr\/wp-json\/wp\/v2\/users\/2"}],"replies":[{"embeddable":true,"href":"https:\/\/www.europesays.com\/fr\/wp-json\/wp\/v2\/comments?post=78107"}],"version-history":[{"count":0,"href":"https:\/\/www.europesays.com\/fr\/wp-json\/wp\/v2\/posts\/78107\/revisions"}],"wp:featuredmedia":[{"embeddable":true,"href":"https:\/\/www.europesays.com\/fr\/wp-json\/wp\/v2\/media\/78108"}],"wp:attachment":[{"href":"https:\/\/www.europesays.com\/fr\/wp-json\/wp\/v2\/media?parent=78107"}],"wp:term":[{"taxonomy":"category","embeddable":true,"href":"https:\/\/www.europesays.com\/fr\/wp-json\/wp\/v2\/categories?post=78107"},{"taxonomy":"post_tag","embeddable":true,"href":"https:\/\/www.europesays.com\/fr\/wp-json\/wp\/v2\/tags?post=78107"}],"curies":[{"name":"wp","href":"https:\/\/api.w.org\/{rel}","templated":true}]}}