{"id":78109,"date":"2025-05-06T01:52:08","date_gmt":"2025-05-06T01:52:08","guid":{"rendered":"https:\/\/www.europesays.com\/fr\/78109\/"},"modified":"2025-05-06T01:52:08","modified_gmt":"2025-05-06T01:52:08","slug":"la-menace-du-tarif-de-film-de-trump-puzzles-en-europe","status":"publish","type":"post","link":"https:\/\/www.europesays.com\/fr\/78109\/","title":{"rendered":"La menace du tarif de film de Trump puzzles en Europe"},"content":{"rendered":"<p>Les cin\u00e9astes europ\u00e9ens se pr\u00e9parent \u00e0 \u00eatre la prochaine industrie impliqu\u00e9e dans la guerre commerciale de Donald Trump.<\/p>\n<p>Le pr\u00e9sident am\u00e9ricain s\u2019est engag\u00e9 dimanche \u00e0 gifler un \u00ab\u00a0tarif\u00a0\u00bb de 100% sur les films \u00ab\u00a0produits en terres \u00e9trang\u00e8res\u00a0\u00bb, apr\u00e8s que les gouvernements du monde entier ont incit\u00e9 les \u00e9quipes de production avec des all\u00e9gements fiscaux lucratifs et une baisse des co\u00fbts de main-d\u2019\u0153uvre.<\/p>\n<p>\u00ab\u00a0Nous voulons des films r\u00e9alis\u00e9s en Am\u00e9rique, encore une fois!\u00a0\u00bb Trump a d\u00e9clar\u00e9 dans un poste social de v\u00e9rit\u00e9, pr\u00e9tendant avoir demand\u00e9 au D\u00e9partement am\u00e9ricain du commerce et au repr\u00e9sentant commercial de r\u00e9primer cette \u00ab\u00a0menace de s\u00e9curit\u00e9 nationale\u00a0\u00bb et \u00ab\u00a0propagande\u00a0\u00bb.<\/p>\n<p>L\u2019administration n\u2019a pas encore expliqu\u00e9 comment le tarif fonctionnerait ou ce qu\u2019il ciblerait exactement.<\/p>\n<p>\u00ab\u00a0Le commerce le comprend\u00a0\u00bb, a d\u00e9clar\u00e9 un responsable de la Maison Blanche, a accord\u00e9 l\u2019anonymat pour partager des d\u00e9tails sur le processus interne. \u00ab\u00a0Peut-\u00eatre que comme les droits des films ou quelque chose\u00a0\u00bb, ajoutant qu\u2019une \u00e9tude sera lanc\u00e9e.<\/p>\n<p>Aux \u00c9tats-Unis, des experts ont soulign\u00e9 que les films sont exempt\u00e9s des ordres tarifaires, selon le soi-disant amendement Berman de 1988.<\/p>\n<p>\u00c0 travers l\u2019Atlantique, la confusion \u2013 sinon la surprise \u2013 a r\u00e9gn\u00e9. <\/p>\n<p>\u00ab\u00a0Nous avons estim\u00e9 que (le cin\u00e9ma) pourrait devenir un champ de bataille (au milieu de la guerre commerciale). Nous entrons dans l\u2019impr\u00e9visible\u00a0\u00bb, a d\u00e9clar\u00e9 Pascal Rogard, pr\u00e9sident de la Soci\u00e9t\u00e9 des auteurs fran\u00e7ais SACD. \u00ab\u00a0Cela est contraire aux engagements internationaux\u00a0\u00bb, a-t-il ajout\u00e9.<\/p>\n<p>Bien que les crit\u00e8res sur ce qui constitue une production \u00ab\u00a0\u00e9trang\u00e8re\u00a0\u00bb restent clairs et controvers\u00e9s, \u00ab\u00a0le geste politique est conforme \u00e0 ce que nous nous attendions\u00a0\u00bb, un initi\u00e9 de l\u2019industrie fran\u00e7aise qui, comme d\u2019autres contact\u00e9s par L\u2019Observatoire de l\u2019Europe pour cette histoire, a obtenu l\u2019anonymat pour parler librement au milieu de l\u2019incertitude entourant le plan de Trump.<\/p>\n<p>\u00ab\u00a0Tout le monde essaie de donner un sens \u00e0 ce que cela signifie ou \u00e0 ce que cela pourrait signifier\u00a0\u00bb, a d\u00e9clar\u00e9 un autre.<\/p>\n<p>D\u2019autres ont critiqu\u00e9 les d\u00e9g\u00e2ts que le mouvement pourrait faire au secteur.<\/p>\n<p>\u00ab\u00a0L\u2019\u00e9viter l\u2019industrie cin\u00e9matographique europ\u00e9enne du march\u00e9 am\u00e9ricain est une \u00e9volution nuisible vers l\u2019essentialisme culturel\u00a0\u00bb, a d\u00e9clar\u00e9 Nela Riehl, un l\u00e9gislateur allemand des Verts pr\u00e9sidant le comit\u00e9 de culture du Parlement europ\u00e9en. \u00ab\u00a0Le protectionnisme dans ce secteur n\u2019encouragera que d\u2019autres r\u00e9gions \u00e0 riposter, comme nous l\u2019avons d\u00e9j\u00e0 vu de Chine\u00a0\u00bb, a-t-elle averti.<\/p>\n<p>Laurence Farreng, membre du Parlement europ\u00e9en du parti du pr\u00e9sident fran\u00e7ais Emmanuel Macron, a d\u00e9clar\u00e9 que \u00ab\u00a0les fonctions imposantes p\u00e9naliseront finalement l\u2019industrie am\u00e9ricaine\u00a0\u00bb. <\/p>\n<p>Un groupe de l\u00e9gislateurs de l\u2019UE du comit\u00e9 de culture du Parlement visitera Los Angeles fin mai pour rencontrer des producteurs de films am\u00e9ricains, a-t-elle d\u00e9clar\u00e9.<\/p>\n<p>Selon Trump, les tarifs doivent emp\u00eacher Hollywood de mourir d\u2019une \u00abmort tr\u00e8s rapide\u00bb. Los Angeles a vu des jours de tournage de longs m\u00e9trages chuter \u2013 de 3 901 en 2017 \u00e0 seulement 2403 en 2024, une baisse de 38% mettant en \u00e9vidence son r\u00f4le en d\u00e9clin sur la sc\u00e8ne mondiale.<\/p>\n<p>La note de bombe de Trump en f\u00e9vrier a d\u00e9j\u00e0 critiqu\u00e9 les r\u00e8gles des m\u00e9dias de l\u2019UE qui \u00ab\u00a0exigent que les services de streaming am\u00e9ricains financent les productions locales\u00a0\u00bb, dans une r\u00e9f\u00e9rence claire \u00e0 la directive audiovisuelle des services m\u00e9diatiques du bloc permettant aux gouvernements nationaux de forcer Netflix, Amazon Prime, Disney + et d\u2019autres \u00e0 investir dans des travaux europ\u00e9ens.<\/p>\n<p>Quelle que soit la forme qu\u2019il faut, le nouveau tarif pourrait \u00eatre ajout\u00e9 \u00e0 la liste des jetons de n\u00e9gociation dans l\u2019affaire d\u2019\u00e9change en cours entre Washington et Bruxelles.<\/p>\n<p>Alors que le Festival de Cannes d\u00e9marre en France la semaine prochaine, le d\u00e9m\u00e9nagement controvers\u00e9 devrait prendre le devant de la sc\u00e8ne, avec des cin\u00e9astes fran\u00e7ais de l\u2019Association ARP se pr\u00e9parant \u00e0 s\u2019exprimer.<\/p>\n<p>\u00ab\u00a0Je serai pr\u00e9sent \u00e0 Cannes et je crois que ce sujet tiendra les producteurs tr\u00e8s occup\u00e9s. Il sera tr\u00e8s int\u00e9ressant de savoir s\u2019ils peuvent se passer d\u2019un march\u00e9 comme celui europ\u00e9en, et ils feront sans doute bouger les choses, tout comme les fabricants dans d\u2019autres secteurs am\u00e9ricains l\u2019ont fait\u00a0\u00bb, a d\u00e9clar\u00e9 Farreng.<\/p>\n<p>\u00ab\u00a0Pour l\u2019instant, ce n\u2019est qu\u2019une annonce de Trump\u00a0\u00bb, a d\u00e9clar\u00e9 Riehl. \u00ab\u00a0L\u2019UE travaille d\u00e9j\u00e0 \u00e0 plus d\u2019opportunit\u00e9s et de visibilit\u00e9 pour le film europ\u00e9en en Europe et dans le monde. Cette approche de\u00ab plus d\u2019Europe \u00bbsera d\u00e9sormais la voie \u00e0 suivre.\u00a0\u00bb<\/p>\n<p>  (Tagstotranslate) Audiovisuelle <\/p>\n","protected":false},"excerpt":{"rendered":"Les cin\u00e9astes europ\u00e9ens se pr\u00e9parent \u00e0 \u00eatre la prochaine industrie impliqu\u00e9e dans la guerre commerciale de Donald Trump.&hellip;\n","protected":false},"author":2,"featured_media":78110,"comment_status":"","ping_status":"","sticky":false,"template":"","format":"standard","meta":{"footnotes":""},"categories":[1586],"tags":[11,4239,18386,75,73,1777,674,1011,27,693,3754,127,12,25,10364,1858,8727,2549,5809],"class_list":{"0":"post-78109","1":"post","2":"type-post","3":"status-publish","4":"format-standard","5":"has-post-thumbnail","7":"category-europe","8":"tag-actualites","9":"tag-amazon","10":"tag-copyright","11":"tag-donald-trump","12":"tag-etats-unis","13":"tag-eu","14":"tag-europe","15":"tag-fr","16":"tag-france","17":"tag-industrie","18":"tag-media","19":"tag-netflix","20":"tag-news","21":"tag-republique-francaise","22":"tag-security","23":"tag-services","24":"tag-tarifs","25":"tag-taxe","26":"tag-trade"},"share_on_mastodon":{"url":"https:\/\/pubeurope.com\/@fr\/114458390938030880","error":""},"_links":{"self":[{"href":"https:\/\/www.europesays.com\/fr\/wp-json\/wp\/v2\/posts\/78109","targetHints":{"allow":["GET"]}}],"collection":[{"href":"https:\/\/www.europesays.com\/fr\/wp-json\/wp\/v2\/posts"}],"about":[{"href":"https:\/\/www.europesays.com\/fr\/wp-json\/wp\/v2\/types\/post"}],"author":[{"embeddable":true,"href":"https:\/\/www.europesays.com\/fr\/wp-json\/wp\/v2\/users\/2"}],"replies":[{"embeddable":true,"href":"https:\/\/www.europesays.com\/fr\/wp-json\/wp\/v2\/comments?post=78109"}],"version-history":[{"count":0,"href":"https:\/\/www.europesays.com\/fr\/wp-json\/wp\/v2\/posts\/78109\/revisions"}],"wp:featuredmedia":[{"embeddable":true,"href":"https:\/\/www.europesays.com\/fr\/wp-json\/wp\/v2\/media\/78110"}],"wp:attachment":[{"href":"https:\/\/www.europesays.com\/fr\/wp-json\/wp\/v2\/media?parent=78109"}],"wp:term":[{"taxonomy":"category","embeddable":true,"href":"https:\/\/www.europesays.com\/fr\/wp-json\/wp\/v2\/categories?post=78109"},{"taxonomy":"post_tag","embeddable":true,"href":"https:\/\/www.europesays.com\/fr\/wp-json\/wp\/v2\/tags?post=78109"}],"curies":[{"name":"wp","href":"https:\/\/api.w.org\/{rel}","templated":true}]}}