{"id":78115,"date":"2025-05-06T01:55:11","date_gmt":"2025-05-06T01:55:11","guid":{"rendered":"https:\/\/www.europesays.com\/fr\/78115\/"},"modified":"2025-05-06T01:55:11","modified_gmt":"2025-05-06T01:55:11","slug":"au-yemen-la-surprenante-resilience-des-rebelles-houthistes","status":"publish","type":"post","link":"https:\/\/www.europesays.com\/fr\/78115\/","title":{"rendered":"Au Y\u00e9men, la surprenante r\u00e9silience des rebelles houthistes"},"content":{"rendered":"<p><strong>D\u00c9CRYPTAGE <\/strong>&#8211; Malgr\u00e9 des bombardements r\u00e9p\u00e9t\u00e9s d\u2019Isra\u00ebl et des \u00c9tats-Unis, les insurg\u00e9s pro-iraniens parviennent encore \u00e0 frapper l\u2019\u00c9tat h\u00e9breu et \u00e0 perturber la navigation en mer Rouge.<\/p>\n<p class=\"fig-paragraph\">La nuit de dimanche \u00e0 lundi, \u00e0\u00a0Sanaa,\u00a0les murs de l\u2019appartement de Souhail ont encore trembl\u00e9. \u00ab\u00a0Vers 3\u00a0heures du matin, mes enfants ont eu peur, on a tous \u00e9t\u00e9 r\u00e9veill\u00e9s par les bombardements\u00a0\u00bb, confiait lundi matin cet habitant de la capitale y\u00e9m\u00e9nite, prise pour cible par l\u2019aviation am\u00e9ricaine. Vingt-quatre heures plus t\u00f4t, les rebelles pro-iraniens\u00a0<a href=\"https:\/\/www.lefigaro.fr\/international\/yemen-les-rebelles-houthistes-menacent-les-etats-unis-de-represailles-20240112\" data-fig-type=\"Article\" data-gtm-custom-categorie=\"navigation\" data-gtm-custom-action=\"crossclick\" data-gtm-custom-label=\"Contextuel\" data-gtm-event=\"customEventSPE\" data-fig-domain=\"LEFIGARO\" target=\"_blank\" rel=\"noopener\">houthistes\u00a0<\/a>avaient suscit\u00e9 la panique en revendiquant une attaque in\u00e9dite contre l\u2019a\u00e9roport Ben-Gourion de Tel-Aviv en Isra\u00ebl. \u00ab\u00a0Pour la premi\u00e8re fois, un missile a frapp\u00e9 directement \u00e0 l\u2019int\u00e9rieur du p\u00e9rim\u00e8tre de l\u2019a\u00e9roport\u00a0\u00bb, indiquait peu apr\u00e8s \u00e0 l\u2019AFP un porte-parole militaire isra\u00e9lien.<\/p>\n<p class=\"fig-paragraph\">\u00ab\u00a0Nous allons avoir une temp\u00eate\u00a0\u00bb, ironisait dimanche soir au t\u00e9l\u00e9phone Souhail. Comme beaucoup de Y\u00e9m\u00e9nites, ce repr\u00e9sentant de la soci\u00e9t\u00e9 civile a fini par s\u2019habituer aux violences qui s\u2019abattent sur ce pays le plus pauvre de la p\u00e9ninsule arabique, d\u00e9chir\u00e9 par une guerre civile depuis plus de dix ans. Un pays partag\u00e9 entre deux pouvoirs\u2026<\/p>\n<p class=\"fig-premium-paywall__infos\">\n        Cet article est r\u00e9serv\u00e9 aux abonn\u00e9s.        Il vous reste 85% \u00e0 d\u00e9couvrir.\n    <\/p>\n<p>                <img  data- alt=\"Le Figaro\" class=\"fig-img--complete fig-img\"\/><\/p>\n<p class=\"fig-premium-paywall__title\">Je m&rsquo;informe, je m&rsquo;inspire, je m&rsquo;abonne.<\/p>\n<p class=\"fig-premium-paywall__subtitle\">D\u00e9couvrez notre offre de bienvenue.<\/p>\n<p class=\"fig-premium-paywall__connect\">\n                D\u00e9j\u00e0 abonn\u00e9\u00a0?                <a class=\"fig-premium-paywall__connect-link\" href=\"https:\/\/connect.lefigaro.fr\/login?client=horizon_web&amp;type=main&amp;redirect_uri=https%3A%2F%2Fwww.lefigaro.fr%2Finternational%2Fau-yemen-la-surprenante-resilience-des-rebelles-houthistes-20250505\" data-js-gtm=\"{&quot;customCategorie&quot;: &quot;conversion&quot;, &quot;customAction&quot;: &quot;before_Landing_Connexion_paywall_auto&quot;, &quot;customLabel&quot;: &quot;bGVmaWdhcm8uZnJfXzFmMDI5YmFkLWE1ZGUtNjk4YS04YzU2LWY1YWU2MzNiMmUxY19fQXJ0aWNsZQ==_Au Y\u00e9men, la surprenante r\u00e9silience des rebelles houthistes_344&quot;, &quot;customIDSPE&quot;: &quot;bGVmaWdhcm8uZnJfXzFmMDI5YmFkLWE1ZGUtNjk4YS04YzU2LWY1YWU2MzNiMmUxY19fQXJ0aWNsZQ==&quot;, &quot;event&quot;: &quot;customEventSPE&quot;}\" target=\"_blank\" rel=\"noopener\"><br \/>\n                    Connectez-vous<br \/>\n                <\/a>\n            <\/p>\n","protected":false},"excerpt":{"rendered":"D\u00c9CRYPTAGE &#8211; Malgr\u00e9 des bombardements r\u00e9p\u00e9t\u00e9s d\u2019Isra\u00ebl et des \u00c9tats-Unis, les insurg\u00e9s pro-iraniens parviennent encore \u00e0 frapper l\u2019\u00c9tat&hellip;\n","protected":false},"author":2,"featured_media":78116,"comment_status":"","ping_status":"","sticky":false,"template":"","format":"standard","meta":{"footnotes":""},"categories":[2],"tags":[259,11,260,73,1011,27,14,664,261,12,262,25,3885],"class_list":{"0":"post-78115","1":"post","2":"type-post","3":"status-publish","4":"format-standard","5":"has-post-thumbnail","7":"category-actualites","8":"tag-actualite-internationale","9":"tag-actualites","10":"tag-affaires-etrangeres","11":"tag-etats-unis","12":"tag-fr","13":"tag-france","14":"tag-international","15":"tag-israel","16":"tag-ministere-des-affaires-etrangeres","17":"tag-news","18":"tag-politique-etrangere","19":"tag-republique-francaise","20":"tag-yemen"},"share_on_mastodon":{"url":"https:\/\/pubeurope.com\/@fr\/114458402834458609","error":""},"_links":{"self":[{"href":"https:\/\/www.europesays.com\/fr\/wp-json\/wp\/v2\/posts\/78115","targetHints":{"allow":["GET"]}}],"collection":[{"href":"https:\/\/www.europesays.com\/fr\/wp-json\/wp\/v2\/posts"}],"about":[{"href":"https:\/\/www.europesays.com\/fr\/wp-json\/wp\/v2\/types\/post"}],"author":[{"embeddable":true,"href":"https:\/\/www.europesays.com\/fr\/wp-json\/wp\/v2\/users\/2"}],"replies":[{"embeddable":true,"href":"https:\/\/www.europesays.com\/fr\/wp-json\/wp\/v2\/comments?post=78115"}],"version-history":[{"count":0,"href":"https:\/\/www.europesays.com\/fr\/wp-json\/wp\/v2\/posts\/78115\/revisions"}],"wp:featuredmedia":[{"embeddable":true,"href":"https:\/\/www.europesays.com\/fr\/wp-json\/wp\/v2\/media\/78116"}],"wp:attachment":[{"href":"https:\/\/www.europesays.com\/fr\/wp-json\/wp\/v2\/media?parent=78115"}],"wp:term":[{"taxonomy":"category","embeddable":true,"href":"https:\/\/www.europesays.com\/fr\/wp-json\/wp\/v2\/categories?post=78115"},{"taxonomy":"post_tag","embeddable":true,"href":"https:\/\/www.europesays.com\/fr\/wp-json\/wp\/v2\/tags?post=78115"}],"curies":[{"name":"wp","href":"https:\/\/api.w.org\/{rel}","templated":true}]}}