{"id":78171,"date":"2025-05-06T02:30:24","date_gmt":"2025-05-06T02:30:24","guid":{"rendered":"https:\/\/www.europesays.com\/fr\/78171\/"},"modified":"2025-05-06T02:30:24","modified_gmt":"2025-05-06T02:30:24","slug":"grenoble-magistrats-et-avocats-sinsurgent-contre-une-reforme-de-la-justice-des-mineurs","status":"publish","type":"post","link":"https:\/\/www.europesays.com\/fr\/78171\/","title":{"rendered":"Grenoble. Magistrats et avocats s\u2019insurgent contre une r\u00e9forme de la justice des mineurs"},"content":{"rendered":"<p>Magistrats et avocats de nombreux tribunaux judiciaires en France \u00e9taient mobilis\u00e9s ce lundi 5\u00a0mai, \u00e0 la veille de l\u2019examen devant la commission mixte paritaire de la proposition de loi dite \u00ab\u00a0Attal\u00a0\u00bb, qui vise \u00e0 r\u00e9former la justice des mineurs. \u00c0 Grenoble, magistrats, avocats et acteurs de la protection judiciaire se sont rassembl\u00e9s devant le palais de justice \u00e0 12\u00a0h\u00a030 pour affirmer leur \u00ab\u00a0attachement \u00e0 la sp\u00e9cificit\u00e9 de la justice des mineurs\u00a0\u00bb.<\/p>\n<p>  \u00ab\u00a0Le choc carc\u00e9ral engendre plus de d\u00e9linquance chez les mineurs\u00a0\u00bb<\/p>\n<p>Selon eux, cette nouvelle loi, <a href=\"https:\/\/www.ledauphine.com\/faits-divers-justice\/2025\/02\/13\/justice-des-mineurs-le-texte-de-gabriel-attal-l-assemblee-nationale\" target=\"_blank\" rel=\"noopener\">annonc\u00e9e par Gabriel Attal<\/a> apr\u00e8s \u00ab\u00a0plusieurs faits divers\u00a0\u00bb impliquant des mineurs, s\u2019inscrit dans une \u00ab\u00a0politique d\u2019effet d\u2019annonce du gouvernement\u00a0\u00bb. \u00ab\u00a0Ce n\u2019est pas en cr\u00e9ant un texte d\u2019opportunit\u00e9 que l\u2019on va r\u00e9soudre la question\u00a0\u00bb, estime Mich\u00e8le Girot-Marc, b\u00e2tonni\u00e8re du barreau de Grenoble.<\/p>\n<p>Mise en place d\u2019une proc\u00e9dure de comparution imm\u00e9diate pour les mineurs, suppression de l\u2019excuse de minorit\u00e9 pour les mineurs de 16 ans en r\u00e9cidive, peine d\u2019emprisonnement ferme d\u2019une dur\u00e9e inf\u00e9rieure ou \u00e9gale \u00e0 un mois\u00a0etc., l\u2019ensemble des mesures envisag\u00e9es <a href=\"https:\/\/www.ledauphine.com\/faits-divers-justice\/2025\/02\/14\/inefficace-demagogique-la-reforme-de-la-justice-des-mineurs-critiquee-par-les-professionnels\" target=\"_blank\" rel=\"noopener\">provoque l\u2019ire des professionnels de la justice<\/a>, qui rappellent notamment que \u00ab\u00a0le choc carc\u00e9ral engendre plus de d\u00e9linquance chez les mineurs\u00a0\u00bb. Et demandent l\u2019application de la r\u00e9forme entr\u00e9e en vigueur \u00ab\u00a0le 30\u00a0septembre\u00a02021 au lieu de tout changer\u00a0\u00bb.<\/p>\n","protected":false},"excerpt":{"rendered":"Magistrats et avocats de nombreux tribunaux judiciaires en France \u00e9taient mobilis\u00e9s ce lundi 5\u00a0mai, \u00e0 la veille de&hellip;\n","protected":false},"author":2,"featured_media":78172,"comment_status":"","ping_status":"","sticky":false,"template":"","format":"standard","meta":{"footnotes":""},"categories":[9566],"tags":[1111,11,2430,6084,112,113,114,1777,674,274,107,1011,27,2731,2732,108,12,25,104],"class_list":{"0":"post-78171","1":"post","2":"type-post","3":"status-publish","4":"format-standard","5":"has-post-thumbnail","7":"category-grenoble","8":"tag-actu","9":"tag-actualites","10":"tag-auvergne-rhone-alpes","11":"tag-droit","12":"tag-edition-grenoble-agglomeration","13":"tag-edition-gresivaudan-oisans","14":"tag-edition-voiron-saint-marcellin","15":"tag-eu","16":"tag-europe","17":"tag-faits-divers-justice","18":"tag-fil-info","19":"tag-fr","20":"tag-france","21":"tag-grenoble","22":"tag-grenoble-bassin","23":"tag-isere","24":"tag-news","25":"tag-republique-francaise","26":"tag-societe"},"share_on_mastodon":{"url":"https:\/\/pubeurope.com\/@fr\/114458540310432561","error":""},"_links":{"self":[{"href":"https:\/\/www.europesays.com\/fr\/wp-json\/wp\/v2\/posts\/78171","targetHints":{"allow":["GET"]}}],"collection":[{"href":"https:\/\/www.europesays.com\/fr\/wp-json\/wp\/v2\/posts"}],"about":[{"href":"https:\/\/www.europesays.com\/fr\/wp-json\/wp\/v2\/types\/post"}],"author":[{"embeddable":true,"href":"https:\/\/www.europesays.com\/fr\/wp-json\/wp\/v2\/users\/2"}],"replies":[{"embeddable":true,"href":"https:\/\/www.europesays.com\/fr\/wp-json\/wp\/v2\/comments?post=78171"}],"version-history":[{"count":0,"href":"https:\/\/www.europesays.com\/fr\/wp-json\/wp\/v2\/posts\/78171\/revisions"}],"wp:featuredmedia":[{"embeddable":true,"href":"https:\/\/www.europesays.com\/fr\/wp-json\/wp\/v2\/media\/78172"}],"wp:attachment":[{"href":"https:\/\/www.europesays.com\/fr\/wp-json\/wp\/v2\/media?parent=78171"}],"wp:term":[{"taxonomy":"category","embeddable":true,"href":"https:\/\/www.europesays.com\/fr\/wp-json\/wp\/v2\/categories?post=78171"},{"taxonomy":"post_tag","embeddable":true,"href":"https:\/\/www.europesays.com\/fr\/wp-json\/wp\/v2\/tags?post=78171"}],"curies":[{"name":"wp","href":"https:\/\/api.w.org\/{rel}","templated":true}]}}