{"id":781721,"date":"2026-03-07T09:45:13","date_gmt":"2026-03-07T09:45:13","guid":{"rendered":"https:\/\/www.europesays.com\/fr\/781721\/"},"modified":"2026-03-07T09:45:13","modified_gmt":"2026-03-07T09:45:13","slug":"audiences-access-le-20-heures-de-tf1-a-un-tres-haut-niveau-tout-beau-tout-n9uf-week-end-soffre-un-record-sur-w9","status":"publish","type":"post","link":"https:\/\/www.europesays.com\/fr\/781721\/","title":{"rendered":"Audiences access : Le \u00ab\u00a020 Heures\u00a0\u00bb de TF1 \u00e0 un tr\u00e8s haut niveau, \u00ab\u00a0Tout beau, tout n9uf Week-end\u00a0\u00bb s&rsquo;offre un record sur W9"},"content":{"rendered":"<p>Les JT<\/p>\n<p>Le \u00ab\u00a020 Heures\u00a0\u00bb de TF1 \u2013 Anne-Claire Coudray (19h58-20h40) : <strong>5,22 millions (30,0%)\u00a0<\/strong><\/p>\n<p>Le \u00ab\u00a019.45\u00a0\u00bb de M6 &#8211; Romane Binckly (19h49-20h21) :<strong> 1,63 million (9,7%)\u00a0\u00a0<\/strong><\/p>\n<p>Sans la concurrence du \u00ab\u00a020 Heures\u00a0\u00bb de France 2 en face, Anne-Claire Coudray est en forte hausse sur TF1 : +920.000 t\u00e9l\u00e9spectateurs et +4,6 points versus vendredi dernier.<br \/>Sur M6, le \u00ab\u00a019.45\u00a0\u00bb perd 1,6 point en une semaine et passe sous la barre des 10% de PDA.\u00a0<\/p>\n<p>Les talks<\/p>\n<p>\u00ab\u00a0C \u00e0 vous, la suite\u00a0\u00bb (France 5 \/ 20h51-21h05) :\u00a0<strong>868.000 (4,9%)<\/strong><br \/>\u00ab\u00a0C \u00e0 vous, la suite\u00a0\u00bb &#8211; 1\u00e8re partie (France 5 \/ 20h04-20h51) :\u00a0<strong>667.000 (3,8%)\u00a0<\/strong><\/p>\n<p>\u00ab\u00a028 minutes\u00a0\u00bb (Arte \/ 20h05) :<strong> 648.000 (3,7%)\u00a0<\/strong><\/p>\n<p>\u00ab\u00a0<a href=\"https:\/\/www.ozap.com\/actu\/cyril-hanouna-descend-du-ciel-un-plateau-tout-rose-chroniqueurs-sur-tapis-rouge-revivez-le-lancement-de-tout-beau-tout-n9uf-sur-w9\/651416\" rel=\"nofollow noopener\" target=\"_blank\">Tout beau, tout n9uf <\/a>Week-end\u00a0\u00bb (W9 \/ 21h02-21h16) : <strong>1,68 million (9,6%)\u00a0<\/strong><br \/>\u00ab\u00a0Tout beau, tout n9uf Week-end\u00a0\u00bb &#8211; 2\u00e8me partie (W9 \/ 20h12-21h02) : <strong>1,15 million (6,5%)<\/strong><\/p>\n<p>\u00ab\u00a0<a href=\"https:\/\/www.ozap.com\/actu\/l-arcom-epingle-quotidien-de-yann-barthes-sur-tmc-apres-la-diffusion-sans-autorisation-d-un-enfant-mineur-et-de-propos-moqueurs\/651235\" rel=\"nofollow noopener\" target=\"_blank\">Quotidien <\/a>Week-end\u00a0\u00bb (TMC \/ 21h04-21h18) : <strong>1,41 million (8,1%)\u00a0<\/strong><br \/>\u00ab\u00a0Quotidien Week-end\u00a0\u00bb \u2013 2\u00e8me partie (TMC \/ 20h09-21h04) :\u00a0<strong>955.000 (5,4%)<\/strong><br \/>\u00a0<br \/>Sur France 5, \u00ab\u00a0C \u00e0 vous, la suite\u00a0\u00bb &#8211; 1\u00e8re partie (+0,2 point) et \u00ab\u00a0C \u00e0 vous, la suite\u00a0\u00bb (+0,3 point) sont \u00e0 un haut niveau.<br \/>Si \u00ab\u00a0Tout beau, tout n9uf Week-end\u00a0\u00bb &#8211; 2\u00e8me partie est en baisse (-0,7 point),\u00a0\u00bbTout beau, tout n9uf Week-end\u00a0\u00bb est en hausse (+0,4 point) et signe sa meilleure PDA pour un vendredi.<br \/>Le retour en in\u00e9dit de \u00ab\u00a0Quotidien Week-end\u00a0\u00bb \u2013 2\u00e8me partie (+2,9 points) et de \u00ab\u00a0Quotidien Week-end\u00a0\u00bb (+3,6 points) fait exploser les audiences de TMC.\u00a0<\/p>\n<p>Les magazines<\/p>\n<p>\u00ab\u00a0Top Mecanic\u00a0\u00bb (RMC D\u00e9couverte \/ 20h05) :\u00a0<strong>413.000 (2,3%)<\/strong><\/p>\n<p>Excellente performance pour \u00ab\u00a0Top Mecanic\u00a0\u00bb sur RMC D\u00e9couverte.\u00a0<\/p>\n<p>Les feuilletons<\/p>\n<p>\u00ab\u00a0Un si grand soleil\u00a0\u00bb (France 3 \/ 20h35) : <strong>1,56 million (8,7%)\u00a0<\/strong><\/p>\n<p>\u00ab\u00a0<a href=\"https:\/\/www.ozap.com\/actu\/audiences-access-le-retour-de-scenes-de-menages-fait-bondir-laccess-de-m6-de-113-sur-une-semaine\/651313\" rel=\"nofollow noopener\" target=\"_blank\">Sc\u00e8nes de m\u00e9nages<\/a>\u00a0\u00bb (M6 \/ 20h46-21h04) : <strong>1,83 million (10,3%)\u00a0<\/strong><\/p>\n<p>\u00ab\u00a0Plus belle la vie, encore plus belle\u00a0\u00bb (TF1 S\u00e9ries Films \/ 20h36-21h03) : <strong>337.000 (1,9%)<\/strong><\/p>\n<p>Diffus\u00e9 plus t\u00f4t que d&rsquo;habitude, l&rsquo;\u00e9pisode d'\u00a0\u00bbUn si grand soleil\u00a0\u00bb perd 1,7 point sur une semaine et attire 1,1% des FRDA.<br \/>Nette baisse pour \u00ab\u00a0Sc\u00e8nes de m\u00e9nages\u00a0\u00bb \u00e9galement (-1,6 point) et qui capte 12,8% des FRDA.<br \/>\u00ab\u00a0Plus belle la vie, encore plus belle\u00a0\u00bb est stable sur TF1 S\u00e9ries Films (-0,1 point) et affiche une PDA de 3,1% sur les FRDA.<br \/>\u00a0<\/p>\n<p>L&rsquo;\u00e9mission de t\u00e9l\u00e9-r\u00e9alit\u00e9<\/p>\n<p>\u00ab\u00a0Tricheurs\u00a0\u00bb (TFX \/20h) :\u00a0<strong>245.000 (1,4%) \u00a0<\/strong><\/p>\n<p>Sur TFX, \u00ab\u00a0Tricheurs\u00a0\u00bb est stable (-0,1 point) et signe de bons scores sur cibles : 2,9% des 25-49 ans et 3,9% des FRDA-50.<\/p>\n<p>Chiffres M\u00e9diam\u00e9trie<\/p>\n","protected":false},"excerpt":{"rendered":"Les JT Le \u00ab\u00a020 Heures\u00a0\u00bb de TF1 \u2013 Anne-Claire Coudray (19h58-20h40) : 5,22 millions (30,0%)\u00a0 Le \u00ab\u00a019.45\u00a0\u00bb de&hellip;\n","protected":false},"author":2,"featured_media":781722,"comment_status":"","ping_status":"","sticky":false,"template":"","format":"standard","meta":{"footnotes":""},"categories":[1356],"tags":[58,59,1011,27,252,1364],"class_list":{"0":"post-781721","1":"post","2":"type-post","3":"status-publish","4":"format-standard","5":"has-post-thumbnail","7":"category-television","8":"tag-divertissement","9":"tag-entertainment","10":"tag-fr","11":"tag-france","12":"tag-television","13":"tag-tv"},"share_on_mastodon":{"url":"https:\/\/pubeurope.com\/@fr\/116187255827805362","error":""},"_links":{"self":[{"href":"https:\/\/www.europesays.com\/fr\/wp-json\/wp\/v2\/posts\/781721","targetHints":{"allow":["GET"]}}],"collection":[{"href":"https:\/\/www.europesays.com\/fr\/wp-json\/wp\/v2\/posts"}],"about":[{"href":"https:\/\/www.europesays.com\/fr\/wp-json\/wp\/v2\/types\/post"}],"author":[{"embeddable":true,"href":"https:\/\/www.europesays.com\/fr\/wp-json\/wp\/v2\/users\/2"}],"replies":[{"embeddable":true,"href":"https:\/\/www.europesays.com\/fr\/wp-json\/wp\/v2\/comments?post=781721"}],"version-history":[{"count":0,"href":"https:\/\/www.europesays.com\/fr\/wp-json\/wp\/v2\/posts\/781721\/revisions"}],"wp:featuredmedia":[{"embeddable":true,"href":"https:\/\/www.europesays.com\/fr\/wp-json\/wp\/v2\/media\/781722"}],"wp:attachment":[{"href":"https:\/\/www.europesays.com\/fr\/wp-json\/wp\/v2\/media?parent=781721"}],"wp:term":[{"taxonomy":"category","embeddable":true,"href":"https:\/\/www.europesays.com\/fr\/wp-json\/wp\/v2\/categories?post=781721"},{"taxonomy":"post_tag","embeddable":true,"href":"https:\/\/www.europesays.com\/fr\/wp-json\/wp\/v2\/tags?post=781721"}],"curies":[{"name":"wp","href":"https:\/\/api.w.org\/{rel}","templated":true}]}}