{"id":78180,"date":"2025-05-06T02:35:13","date_gmt":"2025-05-06T02:35:13","guid":{"rendered":"https:\/\/www.europesays.com\/fr\/78180\/"},"modified":"2025-05-06T02:35:13","modified_gmt":"2025-05-06T02:35:13","slug":"des-croix-gammees-dans-un-jardin-commemorant-la-shoah-2","status":"publish","type":"post","link":"https:\/\/www.europesays.com\/fr\/78180\/","title":{"rendered":"Des croix gamm\u00e9es dans un jardin comm\u00e9morant la Shoah"},"content":{"rendered":"<p>A quelques jours du 8\u00a0mai, la d\u00e9couverte de <a href=\"https:\/\/www.20minutes.fr\/dossier\/croix_gammee\" target=\"_blank\" class=\"color-ultramarine c-link\" rel=\"noopener\">croix gamm\u00e9es<\/a> sur un lieu d\u00e9di\u00e9 aux victimes du <a href=\"https:\/\/www.20minutes.fr\/monde\/nazisme\/\" target=\"_blank\" class=\"color-ultramarine c-link\" rel=\"noopener\">nazisme<\/a> a provoqu\u00e9 l\u2019indignation. Deux symboles nazis ont \u00e9t\u00e9 retrouv\u00e9s dans la nuit de dimanche \u00e0 lundi sur l\u2019All\u00e9e des Justes, en plein centre de <a href=\"https:\/\/www.20minutes.fr\/strasbourg\/\" target=\"_blank\" class=\"color-ultramarine c-link\" rel=\"noopener\">Strasbourg<\/a>, bordant l\u2019ancienne synagogue d\u00e9truite par les nazis et le jardin m\u00e9moriel inaugur\u00e9 le 27\u00a0janvier dernier.<\/p>\n<p>Dans un communiqu\u00e9, la maire de Strasbourg, Jeanne Barseghian, a d\u00e9nonc\u00e9 \u00ab\u00a0des actes <a href=\"https:\/\/www.20minutes.fr\/dossier\/antisemitisme\" target=\"_blank\" class=\"color-ultramarine c-link\" rel=\"noopener\">antis\u00e9mites<\/a>\u00a0\u00bb et soulign\u00e9 la gravit\u00e9 de cette profanation\u00a0: \u00ab\u00a0Que de tels actes surviennent ici, \u00e0 quelques jours des comm\u00e9morations du 8\u00a0mai, est profond\u00e9ment choquant.\u00a0\u00bb La date marque cette ann\u00e9e le 80e anniversaire de la victoire sur le nazisme.<\/p>\n<\/p>\n<p>Une enqu\u00eate est en cours<\/p>\n<p>Les inscriptions ont \u00e9t\u00e9 rapidement effac\u00e9es dans l\u2019apr\u00e8s-midi. La municipalit\u00e9 annonce qu\u2019elle d\u00e9posera plainte et assure que \u00ab\u00a0toutes les mesures n\u00e9cessaires sont prises pour remettre en \u00e9tat ce lieu de m\u00e9moire et identifier le ou les responsables\u00a0\u00bb.<\/p>\n<p>La procureure de la R\u00e9publique de Strasbourg, Clarisse Taron, a confirm\u00e9 les faits et indiqu\u00e9 qu\u2019une enqu\u00eate \u00e9tait en cours.<\/p>\n","protected":false},"excerpt":{"rendered":"A quelques jours du 8\u00a0mai, la d\u00e9couverte de croix gamm\u00e9es sur un lieu d\u00e9di\u00e9 aux victimes du nazisme&hellip;\n","protected":false},"author":2,"featured_media":78181,"comment_status":"","ping_status":"","sticky":false,"template":"","format":"standard","meta":{"footnotes":""},"categories":[2820],"tags":[1111,47,11,2389,6155,2649,18388,1777,674,118,1011,27,775,3354,18389,936,12,25,10775,640],"class_list":{"0":"post-78180","1":"post","2":"type-post","3":"status-publish","4":"format-standard","5":"has-post-thumbnail","7":"category-strasbourg","8":"tag-actu","9":"tag-actualite","10":"tag-actualites","11":"tag-alsace","12":"tag-antisemitisme","13":"tag-bas-rhin","14":"tag-croix-gammee","15":"tag-eu","16":"tag-europe","17":"tag-faits-divers","18":"tag-fr","19":"tag-france","20":"tag-grand-est","21":"tag-jardin","22":"tag-monument","23":"tag-nazi","24":"tag-news","25":"tag-republique-francaise","26":"tag-shoah","27":"tag-strasbourg"},"share_on_mastodon":{"url":"https:\/\/pubeurope.com\/@fr\/114458560285641853","error":""},"_links":{"self":[{"href":"https:\/\/www.europesays.com\/fr\/wp-json\/wp\/v2\/posts\/78180","targetHints":{"allow":["GET"]}}],"collection":[{"href":"https:\/\/www.europesays.com\/fr\/wp-json\/wp\/v2\/posts"}],"about":[{"href":"https:\/\/www.europesays.com\/fr\/wp-json\/wp\/v2\/types\/post"}],"author":[{"embeddable":true,"href":"https:\/\/www.europesays.com\/fr\/wp-json\/wp\/v2\/users\/2"}],"replies":[{"embeddable":true,"href":"https:\/\/www.europesays.com\/fr\/wp-json\/wp\/v2\/comments?post=78180"}],"version-history":[{"count":0,"href":"https:\/\/www.europesays.com\/fr\/wp-json\/wp\/v2\/posts\/78180\/revisions"}],"wp:featuredmedia":[{"embeddable":true,"href":"https:\/\/www.europesays.com\/fr\/wp-json\/wp\/v2\/media\/78181"}],"wp:attachment":[{"href":"https:\/\/www.europesays.com\/fr\/wp-json\/wp\/v2\/media?parent=78180"}],"wp:term":[{"taxonomy":"category","embeddable":true,"href":"https:\/\/www.europesays.com\/fr\/wp-json\/wp\/v2\/categories?post=78180"},{"taxonomy":"post_tag","embeddable":true,"href":"https:\/\/www.europesays.com\/fr\/wp-json\/wp\/v2\/tags?post=78180"}],"curies":[{"name":"wp","href":"https:\/\/api.w.org\/{rel}","templated":true}]}}