{"id":78184,"date":"2025-05-06T02:37:15","date_gmt":"2025-05-06T02:37:15","guid":{"rendered":"https:\/\/www.europesays.com\/fr\/78184\/"},"modified":"2025-05-06T02:37:15","modified_gmt":"2025-05-06T02:37:15","slug":"fille-dun-acteur-eva-16-ans-a-disparu-et-pourrait-etre-victime-dun-reseau-de-prostitution","status":"publish","type":"post","link":"https:\/\/www.europesays.com\/fr\/78184\/","title":{"rendered":"Fille d\u2019un acteur, Eva, 16 ans, a disparu et pourrait \u00eatre victime d\u2019un r\u00e9seau de prostitution"},"content":{"rendered":"<p><img decoding=\"async\" class=\"caas-img caas-lazy has-preview\" src=\"https:\/\/www.europesays.com\/fr\/wp-content\/uploads\/2025\/05\/b7c0d6108d32cf64b0f472c332be9eb2.jpeg\"\/><\/p>\n<p><strong>Disparition &#8211; Arnaud Riverain, ancien acteur, a lanc\u00e9 un appel sur LinkedIn pour retrouver sa fille Eva, 16 ans, disparue \u00e0 Nice et qu\u2019il soup\u00e7onne de se trouver \u00e0 Toulon, entre les mains d\u2019un r\u00e9seau de prostitution<\/strong><\/p>\n<p>Arnaud Riverain, un ancien acteur qui avait notamment jou\u00e9 dans les s\u00e9ries \u00ab Premiers baisers \u00bb et \u00ab La philo selon Philippe \u00bb, a lanc\u00e9 un appel \u00e0 l\u2019aide sur le r\u00e9seau social <a href=\"https:\/\/fr.linkedin.com\/posts\/arnaud-riverain-7700695_nice-toulon-disparition-activity-7324753712826966016-BcmS?at_medium=RSS+feed&amp;at_campaign=ynews&amp;utm_source=yahoo&amp;utm_medium=rss&amp;utm_campaign=news_feed&amp;utm_content=in_article_link\" rel=\"nofollow noopener\" target=\"_blank\" data-ylk=\"slk:LinkedIn;elm:context_link;itc:0;sec:content-canvas\" class=\"link \">LinkedIn<\/a>. \u00ab Ma fille Eva, a disparu de <a href=\"https:\/\/www.20minutes.fr\/nice\/?at_medium=RSS+feed&amp;at_campaign=ynews&amp;utm_source=yahoo&amp;utm_medium=rss&amp;utm_campaign=news_feed&amp;utm_content=in_article_link\" rel=\"nofollow noopener\" target=\"_blank\" data-ylk=\"slk:Nice;elm:context_link;itc:0;sec:content-canvas\" class=\"link \">Nice<\/a> jeudi 1er mai et pourrait d\u00e9sormais \u00eatre \u00e0 <a href=\"https:\/\/www.20minutes.fr\/dossier\/toulon?at_medium=RSS+feed&amp;at_campaign=ynews&amp;utm_source=yahoo&amp;utm_medium=rss&amp;utm_campaign=news_feed&amp;utm_content=in_article_link\" rel=\"nofollow noopener\" target=\"_blank\" data-ylk=\"slk:Toulon;elm:context_link;itc:0;sec:content-canvas\" class=\"link \">Toulon<\/a>. La police a lanc\u00e9 des recherches actives mais tout renseignement, m\u00eame minime, ne pourra que nous aider \u00e0 la retrouver. \u00bb<\/p>\n<p>\u00c2g\u00e9e de 16 ans, la jeune fille est d\u00e9scolaris\u00e9e. Sa m\u00e8re pense qu\u2019elle a pu tomber dans les griffes d\u2019un r\u00e9seau de prostitution. \u00ab Elle a fait de mauvaises rencontres \u00bb, t\u00e9moigne-t-elle \u00e0 <a href=\"https:\/\/france3-regions.francetvinfo.fr\/provence-alpes-cote-d-azur\/alpes-maritimes\/nice\/temoignage-ma-fille-pourrait-etre-victime-d-un-reseau-de-proxenetisme-l-adolescente-a-disparu-sa-mere-confie-son-desespoir-3148013.html?at_medium=RSS+feed&amp;at_campaign=ynews&amp;utm_source=yahoo&amp;utm_medium=rss&amp;utm_campaign=news_feed&amp;utm_content=in_article_link\" rel=\"nofollow noopener\" target=\"_blank\" data-ylk=\"slk:France 3;elm:context_link;itc:0;sec:content-canvas\" class=\"link \">France 3<\/a>, d\u00e9taillant l\u2019engrenage dans lequel est tomb\u00e9e la jeune fille, et les \u00e9checs pour tenter de l\u2019en faire sortir.<\/p>\n<p>Une plainte d\u00e9pos\u00e9e<\/p>\n<p>Les parents d\u2019Eva pensent que leur fille pourrait se trouver dans la pr\u00e9fecture du Var, aux mains d\u2019un r\u00e9seau de prox\u00e9n\u00e9tisme. Une plainte a \u00e9t\u00e9 d\u00e9pos\u00e9e. Elle aurait \u00e9t\u00e9 requalifi\u00e9e en d\u00e9tournement de mineurs. Aupr\u00e8s de France 3, la m\u00e8re d\u2019Eva d\u00e9nonce \u00ab le manque de structures adapt\u00e9es, de pr\u00e9vention et d\u2019aide efficaces pour prendre en charge les adolescents rencontrant des probl\u00e8mes de drogue ou de prox\u00e9n\u00e9tisme \u00bb.<\/p>\n<p><a href=\"https:\/\/www.20minutes.fr\/faits_divers\/4151915-20250505-nice-fille-acteur-eva-16-ans-disparu-pourrait-etre-victime-reseau-prostitution?at_medium=RSS+feed&amp;at_campaign=ynews&amp;utm_source=yahoo&amp;utm_medium=rss&amp;utm_campaign=news_feed&amp;utm_content=read_more_link\" rel=\"nofollow noopener\" target=\"_blank\" data-ylk=\"slk:Lire la suite sur 20minutes;elm:context_link;itc:0;sec:content-canvas\" class=\"link \">Lire la suite sur 20minutes<\/a><\/p>\n<p>\u00c0 lire aussi :<br \/><a href=\"https:\/\/www.20minutes.fr\/justice\/4119508-20241104-gard-accuse-pere-avoir-violee-prostituee-quand-garde?at_medium=RSS+feed&amp;at_campaign=ynews&amp;utm_source=yahoo&amp;utm_medium=rss&amp;utm_campaign=news_feed&amp;utm_content=related_content_link\" rel=\"nofollow noopener\" target=\"_blank\" data-ylk=\"slk:Gard : Elle accuse son p\u00e8re de l&#039;avoir viol\u00e9e et prostitu\u00e9e quand il en avait la garde;elm:context_link;itc:0;sec:content-canvas\" class=\"link \">Gard : Elle accuse son p\u00e8re de l&rsquo;avoir viol\u00e9e et prostitu\u00e9e quand il en avait la garde<\/a><br \/><a href=\"https:\/\/www.20minutes.fr\/faits_divers\/4113324-20241002-havre-homme-ecroue-avoir-prostitue-adolescente-14-ans-appartements-airbnb?at_medium=RSS+feed&amp;at_campaign=ynews&amp;utm_source=yahoo&amp;utm_medium=rss&amp;utm_campaign=news_feed&amp;utm_content=related_content_link\" rel=\"nofollow noopener\" target=\"_blank\" data-ylk=\"slk:Le Havre : Un homme \u00e9crou\u00e9 pour avoir prostitu\u00e9 une adolescente de 14 ans dans des appartements Airbnb;elm:context_link;itc:0;sec:content-canvas\" class=\"link \">Le Havre : Un homme \u00e9crou\u00e9 pour avoir prostitu\u00e9 une adolescente de 14 ans dans des appartements Airbnb<\/a><\/p>\n","protected":false},"excerpt":{"rendered":"Disparition &#8211; Arnaud Riverain, ancien acteur, a lanc\u00e9 un appel sur LinkedIn pour retrouver sa fille Eva, 16&hellip;\n","protected":false},"author":2,"featured_media":78185,"comment_status":"","ping_status":"","sticky":false,"template":"","format":"standard","meta":{"footnotes":""},"categories":[2819],"tags":[1111,11,18390,18392,1777,674,18179,1011,27,18391,12,2401,18393,882,25],"class_list":{"0":"post-78184","1":"post","2":"type-post","3":"status-publish","4":"format-standard","5":"has-post-thumbnail","7":"category-nice","8":"tag-actu","9":"tag-actualites","10":"tag-arnaud-riverain","11":"tag-detournement-de-mineurs","12":"tag-eu","13":"tag-europe","14":"tag-eva","15":"tag-fr","16":"tag-france","17":"tag-linkedin","18":"tag-news","19":"tag-nice","20":"tag-problemes-de-drogue","21":"tag-provence-alpes-cote-dazur","22":"tag-republique-francaise"},"share_on_mastodon":{"url":"https:\/\/pubeurope.com\/@fr\/114458567965874934","error":""},"_links":{"self":[{"href":"https:\/\/www.europesays.com\/fr\/wp-json\/wp\/v2\/posts\/78184","targetHints":{"allow":["GET"]}}],"collection":[{"href":"https:\/\/www.europesays.com\/fr\/wp-json\/wp\/v2\/posts"}],"about":[{"href":"https:\/\/www.europesays.com\/fr\/wp-json\/wp\/v2\/types\/post"}],"author":[{"embeddable":true,"href":"https:\/\/www.europesays.com\/fr\/wp-json\/wp\/v2\/users\/2"}],"replies":[{"embeddable":true,"href":"https:\/\/www.europesays.com\/fr\/wp-json\/wp\/v2\/comments?post=78184"}],"version-history":[{"count":0,"href":"https:\/\/www.europesays.com\/fr\/wp-json\/wp\/v2\/posts\/78184\/revisions"}],"wp:featuredmedia":[{"embeddable":true,"href":"https:\/\/www.europesays.com\/fr\/wp-json\/wp\/v2\/media\/78185"}],"wp:attachment":[{"href":"https:\/\/www.europesays.com\/fr\/wp-json\/wp\/v2\/media?parent=78184"}],"wp:term":[{"taxonomy":"category","embeddable":true,"href":"https:\/\/www.europesays.com\/fr\/wp-json\/wp\/v2\/categories?post=78184"},{"taxonomy":"post_tag","embeddable":true,"href":"https:\/\/www.europesays.com\/fr\/wp-json\/wp\/v2\/tags?post=78184"}],"curies":[{"name":"wp","href":"https:\/\/api.w.org\/{rel}","templated":true}]}}