{"id":78203,"date":"2025-05-06T02:48:10","date_gmt":"2025-05-06T02:48:10","guid":{"rendered":"https:\/\/www.europesays.com\/fr\/78203\/"},"modified":"2025-05-06T02:48:10","modified_gmt":"2025-05-06T02:48:10","slug":"info-actu-lyon-une-bagarre-degenere-en-presquile-un-homme-violemment-attaque","status":"publish","type":"post","link":"https:\/\/www.europesays.com\/fr\/78203\/","title":{"rendered":"INFO ACTU LYON. Une bagarre d\u00e9g\u00e9n\u00e8re en Presqu&rsquo;\u00eele, un homme violemment attaqu\u00e9"},"content":{"rendered":"<p>            Par<br \/>\n        <strong><br \/>\n            <a href=\"https:\/\/actu.fr\/auteur\/julien-damboise\" title=\"Consulter tous les articles de Julien Damboise\" rel=\"nofollow noopener\" target=\"_blank\">Julien Damboise<\/a><br \/>\n        <\/strong><\/p>\n<p>        Publi\u00e9 le<\/p>\n<p>            5 mai 2025 \u00e0 17h28        <\/p>\n<p>Le week-end de la F\u00eate du Travail a \u00e9t\u00e9 marqu\u00e9 par de nouvelles violences en <a href=\"https:\/\/actu.fr\/tag\/presqu-ile\" rel=\"nofollow noopener\" target=\"_blank\">Presqu\u2019\u00eele<\/a> de <a href=\"https:\/\/actu.fr\/auvergne-rhone-alpes\/lyon_69123\" rel=\"nofollow noopener\" target=\"_blank\">Lyon<\/a>. Une violente <strong>bagarre<\/strong> a \u00e9clat\u00e9 en d\u00e9but de soir\u00e9e vendredi 2 mai 2025, un bless\u00e9 \u00e0 coups de tesson de bouteille est \u00e0 d\u00e9plorer.<\/p>\n<p class=\" wall-content\">Une <strong>interpellation<\/strong> a \u00e9t\u00e9 rapidement r\u00e9alis\u00e9e par la police.<\/p>\n<p>Coups de tesson de bouteille<\/p>\n<p class=\" wall-content\">Selon nos informations, l\u2019agression s\u2019est d\u00e9roul\u00e9e vendredi soir vers 20 h en plein 2\u1d49 arrondissement, du c\u00f4t\u00e9 de la rue Palais Grillet, vers la rue Thomassin. Selon une source proche de l\u2019affaire, une passante a signal\u00e9 \u00e0 la police qu\u2019une situation grave se d\u00e9roulait, puisqu\u2019au moins deux personnes \u00e9taient en train de <strong>se battre en pleine rue<\/strong>.<\/p>\n<p class=\" wall-content\">Rapidement sur place, les policiers municipaux ont effectivement d\u00e9couvert un individu bless\u00e9, touch\u00e9 par des coups de <strong>tesson de bouteille en verre<\/strong>. Prise en charge par les sapeur-pompiers, apr\u00e8s avoir \u00e9t\u00e9 semble-t-il atteint sur le haut du corps, la victime de 43 ans a \u00e9t\u00e9 transport\u00e9e \u00e0 l\u2019h\u00f4pital en urgence relative. Son pronostic vital n\u2019\u00e9tait pas engag\u00e9. Une plainte a \u00e9t\u00e9 d\u00e9pos\u00e9e.<\/p>\n<p>La police intervient en urgence<\/p>\n<p class=\" wall-content\">L\u2019auteur des coups de tesson, \u00e2g\u00e9 de 34 ans, a \u00e9t\u00e9 <strong>interpell\u00e9<\/strong> sur place puis plac\u00e9 en garde \u00e0 vue.<\/p>\n<p>Vid\u00e9os : en ce moment sur Actu<\/p>\n<p class=\" wall-content\">Les raisons de son geste restent inconnues pour le moment. Il devrait se justifier en comparution imm\u00e9diate ce lundi.<\/p>\n<p class=\" wall-content\">Suivez toute l\u2019actualit\u00e9 de vos villes et m\u00e9dias favoris en vous inscrivant \u00e0 <a href=\"https:\/\/moncompte.actu.fr\" title=\"D\u00e9couvez Mon Actu\" rel=\"nofollow noopener\" data-trk=\"{&quot;cta&quot;:{&quot;action&quot;:&quot;https:\\\/\\\/moncompte.actu.fr&quot;,&quot;category&quot;:&quot;mon compte&quot;,&quot;from&quot;:&quot;article footer&quot;,&quot;name&quot;:&quot;Mon actu&quot;,&quot;type&quot;:&quot;cta&quot;}}\" target=\"_blank\">Mon Actu<\/a>.<\/p>\n","protected":false},"excerpt":{"rendered":"Par Julien Damboise Publi\u00e9 le 5 mai 2025 \u00e0 17h28 Le week-end de la F\u00eate du Travail a&hellip;\n","protected":false},"author":2,"featured_media":78204,"comment_status":"","ping_status":"","sticky":false,"template":"","format":"standard","meta":{"footnotes":""},"categories":[1889],"tags":[1111,11,2430,1777,674,118,1011,27,2428,12,1072,2809,25],"class_list":{"0":"post-78203","1":"post","2":"type-post","3":"status-publish","4":"format-standard","5":"has-post-thumbnail","7":"category-lyon","8":"tag-actu","9":"tag-actualites","10":"tag-auvergne-rhone-alpes","11":"tag-eu","12":"tag-europe","13":"tag-faits-divers","14":"tag-fr","15":"tag-france","16":"tag-lyon","17":"tag-news","18":"tag-police","19":"tag-presquile","20":"tag-republique-francaise"},"share_on_mastodon":{"url":"https:\/\/pubeurope.com\/@fr\/114458617966348827","error":""},"_links":{"self":[{"href":"https:\/\/www.europesays.com\/fr\/wp-json\/wp\/v2\/posts\/78203","targetHints":{"allow":["GET"]}}],"collection":[{"href":"https:\/\/www.europesays.com\/fr\/wp-json\/wp\/v2\/posts"}],"about":[{"href":"https:\/\/www.europesays.com\/fr\/wp-json\/wp\/v2\/types\/post"}],"author":[{"embeddable":true,"href":"https:\/\/www.europesays.com\/fr\/wp-json\/wp\/v2\/users\/2"}],"replies":[{"embeddable":true,"href":"https:\/\/www.europesays.com\/fr\/wp-json\/wp\/v2\/comments?post=78203"}],"version-history":[{"count":0,"href":"https:\/\/www.europesays.com\/fr\/wp-json\/wp\/v2\/posts\/78203\/revisions"}],"wp:featuredmedia":[{"embeddable":true,"href":"https:\/\/www.europesays.com\/fr\/wp-json\/wp\/v2\/media\/78204"}],"wp:attachment":[{"href":"https:\/\/www.europesays.com\/fr\/wp-json\/wp\/v2\/media?parent=78203"}],"wp:term":[{"taxonomy":"category","embeddable":true,"href":"https:\/\/www.europesays.com\/fr\/wp-json\/wp\/v2\/categories?post=78203"},{"taxonomy":"post_tag","embeddable":true,"href":"https:\/\/www.europesays.com\/fr\/wp-json\/wp\/v2\/tags?post=78203"}],"curies":[{"name":"wp","href":"https:\/\/api.w.org\/{rel}","templated":true}]}}