{"id":7821,"date":"2025-04-07T12:25:07","date_gmt":"2025-04-07T12:25:07","guid":{"rendered":"https:\/\/www.europesays.com\/fr\/7821\/"},"modified":"2025-04-07T12:25:07","modified_gmt":"2025-04-07T12:25:07","slug":"manifestations-a-paris-record-de-chaleur-explosion-de-cocaine-les-infos-du-week-end-en-ile-de-france","status":"publish","type":"post","link":"https:\/\/www.europesays.com\/fr\/7821\/","title":{"rendered":"Manifestations \u00e0 Paris, record de chaleur, explosion de coca\u00efne&#8230; Les infos du week-end en \u00cele-de-France"},"content":{"rendered":"<p>            Par<br \/>\n        <strong><br \/>\n            <a href=\"https:\/\/actu.fr\/auteur\/antoine-grotteria02\" title=\"Consulter tous les articles de Antoine Grotteria\" target=\"_blank\" rel=\"noopener\">Antoine Grotteria<\/a><br \/>\n        <\/strong><\/p>\n<p>        Publi\u00e9 le<\/p>\n<p>            6 avr. 2025 \u00e0 20h32        <\/p>\n<p>Le Rassemblement national, une partie de la gauche et le bloc central. Ce dimanche 6 avril 2025, les principales composantes politiques fran\u00e7aises se sont r\u00e9unies \u00e0 <a href=\"https:\/\/actu.fr\/paris\/\" target=\"_blank\" rel=\"noopener\">Paris<\/a> et en <a href=\"https:\/\/actu.fr\/ile-de-france\/seine-saint-denis_93\" target=\"_blank\" rel=\"noopener\">Seine-Saint-Denis<\/a>. Pour le parti d\u2019extr\u00eame droite, il s\u2019agissait d\u2019apporter son <strong>soutien \u00e0 Marine Le Pen<\/strong>, <a href=\"https:\/\/actu.fr\/politique\/proces-du-rn-condamnee-marine-le-pen-sera-ineligible-pour-la-presidentielle-de-2027_62437488.html\" target=\"_blank\" rel=\"noopener\">condamn\u00e9e pour d\u00e9tournements de fonds publics<\/a>. Pour <a href=\"https:\/\/actu.fr\/tag\/la-france-insoumise-lfi\" target=\"_blank\" rel=\"noopener\">la France insoumise<\/a> et les <a href=\"https:\/\/actu.fr\/ile-de-france\/paris_75056\/a-paris-les-ecologistes-appellent-a-une-union-de-la-gauche-des-le-premier-tour-des-municipales-de-2026_61959250.html\" target=\"_blank\" rel=\"noopener\">\u00c9cologistes<\/a>, de <strong>d\u00e9noncer les attaques du <\/strong><a href=\"https:\/\/actu.fr\/tag\/rassemblement-national-rn\" target=\"_blank\" rel=\"noopener\">RN <\/a>contre la justice. Pour Renaissance et Horizons, de montrer <strong>l\u2019union du centre<\/strong> \u00e0 deux ans de l\u2019\u00e9lection pr\u00e9sidentielle.\u00a0<\/p>\n<p class=\" wall-content\">Voici les principales informations \u00e0 retenir de ces samedi\u00a05 et dimanche 6\u00a0avril 2025 dans votre r\u00e9gion.<\/p>\n<p>Les infos marquantes du week-end \u00e0 Paris et en \u00cele-de-France<\/p>\n<p class=\"expresso-item wall-content\"><strong>Paris.<\/strong><a title=\"Lire l&#039;article\" href=\"https:\/\/actu.fr\/ile-de-france\/paris_75056\/avant-on-etait-les-betes-noires-a-paris-la-jeunesse-assume-son-soutien-au-rn-et-a-marine-le-pen_62473292.html\" target=\"_blank\" rel=\"noopener\"><strong> \u00ab\u00a0Avant, on \u00e9tait les b\u00eates noires\u00a0\u00bb : la jeunesse assume son soutien au RN et \u00e0 Marine Le Pen<\/strong><\/a><br \/>\u00c0 la manifestation de soutien \u00e0 Marine Le Pen, ce dimanche 6 avril 2025, la jeunesse est venue en force montrer son soutien \u00e0 \u00ab\u00a0sa patronne\u00a0\u00bb, mais aussi au Rassemblement national.<\/p>\n<p class=\" wall-content\"><strong>Seine-Saint-Denis. <\/strong><a title=\"Lire l&#039;article\" href=\"https:\/\/actu.fr\/ile-de-france\/tremblay-en-france_93073\/tempete-de-neige-sur-l-aeroport-de-roissy-le-nombre-de-voyageurs-transportant-de-la-cocaine-explose_62472776.html\" target=\"_blank\" rel=\"noopener\"><strong>\u00ab\u00a0Temp\u00eate de neige\u00a0\u00bb sur l\u2019a\u00e9roport de Roissy : le nombre de voyageurs transportant de la coca\u00efne explose<\/strong><\/a><br \/>Les autorit\u00e9s sont d\u00e9pass\u00e9es par les arriv\u00e9es de drogues \u00e0 l\u2019a\u00e9roport de Paris-Charles-de-Gaulle.<\/p>\n<p class=\" wall-content\"><strong>Val-de-Marne. <\/strong><a title=\"Lire l&#039;article\" href=\"https:\/\/actu.fr\/ile-de-france\/saint-maur-des-fosses_94068\/qui-est-chiara-serpaggi-la-nouvelle-star-de-la-patisserie-qui-affole-les-papilles-et-les-emissions-tele_62465367.html\" target=\"_blank\" rel=\"noopener\"><strong>Qui est Chiara Serpaggi, la nouvelle star de la p\u00e2tisserie qui affole les papilles et les \u00e9missions t\u00e9l\u00e9 ?<\/strong><\/a><br \/>Sa ma\u00eetrise du pochage a fait sa renomm\u00e9e : rencontre avec la jeune p\u00e2tissi\u00e8re de 26 ans dans son atelier de Saint-Maur-des-Foss\u00e9s, o\u00f9 elle donne \u00e9galement des cours.<\/p>\n<p class=\" wall-content\"><strong>Hauts-de-Seine. <\/strong><a title=\"Lire l&#039;article\" href=\"https:\/\/actu.fr\/ile-de-france\/clamart_92023\/immobilier-dans-les-hauts-de-seine-a-clamart-cette-propriete-aussi-exceptionnelle-qu-atypique-est-a-vendre_62471254.html\" target=\"_blank\" rel=\"noopener\"><strong>Immobilier dans les Hauts-de-Seine : \u00e0 Clamart, cette propri\u00e9t\u00e9 aussi exceptionnelle qu\u2019atypique est \u00e0 vendre<\/strong><\/a><br \/>\u00c0 Clamart, une propri\u00e9t\u00e9 compos\u00e9e de deux maisons construites par Jacques-Emile Lecaron est \u00e0 vendre pour 2,4 millions d\u2019euros.<\/p>\n<p>Vid\u00e9os : en ce moment sur Actu<\/p>\n<p class=\" wall-content\"><strong>Essonne. <\/strong><a title=\"Lire l&#039;article\" href=\"https:\/\/actu.fr\/ile-de-france\/monnerville_91414\/essonne-elle-quitte-l-univers-de-la-boulangerie-patisserie-pour-lancer-son-entreprise-de-photographie_62450074.html\" target=\"_blank\" rel=\"noopener\"><strong>Essonne : elle quitte l\u2019univers de la boulangerie-p\u00e2tisserie pour lancer son entreprise de photographie<\/strong><\/a><br \/>Emmy-Lou Starykh, habitante de Monnerville, a d\u00e9cid\u00e9 de vivre de sa passion en montant son entreprise de photographique. Rencontre.<\/p>\n<p class=\" wall-content\"><strong>Val-d\u2019Oise. <\/strong><a title=\"Lire l&#039;article\" href=\"https:\/\/actu.fr\/ile-de-france\/sannois_95582\/trafic-de-drogue-dans-le-val-doise-le-reseau-ubershit-rapportait-600-000-euros-par-mois-aux-trafiquants_62469823.html\" target=\"_blank\" rel=\"noopener\"><strong>Trafic de drogue dans le Val-d\u2019Oise : le r\u00e9seau ubershit rapportait 600 000 euros par mois aux trafiquants<\/strong><\/a><br \/>Les policiers de la brigade des stups du commissariat d\u2019Ermont ont proc\u00e9d\u00e9 au d\u00e9mant\u00e8lement d\u2019un vaste r\u00e9seau ub\u00e9ris\u00e9. Cinq trafiquants pr\u00e9sum\u00e9s ont \u00e9t\u00e9 interpell\u00e9s mardi 25 mars.<\/p>\n<p class=\" wall-content\"><strong>Seine-et-Marne. <\/strong><a title=\"Lire l&#039;article\" href=\"https:\/\/actu.fr\/ile-de-france\/voisenon_77528\/seine-et-marne-pourquoi-les-salaries-de-ce-centre-apf-france-handicap-ont-ils-fait-greve_62472869.html\" target=\"_blank\" rel=\"noopener\"><strong>Seine-et-Marne : pourquoi les salari\u00e9s de ce centre APF-France Handicap ont-ils fait gr\u00e8ve ?<\/strong><\/a><br \/>Des salari\u00e9es du centre France-APF Handicap du Jard, \u00e0 Voisenon, ont fait gr\u00e8ve et d\u00e9noncent une remise en cause de leurs acquis sociaux.<\/p>\n<p>Suivez-nous pour en savoir plus\u2009!<\/p>\n<p class=\" wall-content\">Paris\u2009: retrouvez\u00a0actu Paris\u00a0sur\u00a0<a href=\"https:\/\/www.facebook.com\/actufr.paris\/\" target=\"_blank\" rel=\"noopener\">Facebook<\/a>\u00a0et\u00a0<a href=\"https:\/\/x.com\/actufrparis\">Twitter<\/a>\u2009;<br \/>Seine-et-Marne\u2009: retrouvez\u00a0La R\u00e9publique de Seine-et-Marne (sud) sur\u00a0<a href=\"https:\/\/www.facebook.com\/RepubliqueSeineMarne\/\" target=\"_blank\" rel=\"noopener\">Facebook<\/a>\u00a0et\u00a0<a href=\"https:\/\/x.com\/LePaysBriard\">Twitter<\/a>\u2009; La Marne (nord) sur\u00a0<a href=\"https:\/\/www.facebook.com\/journallarmarne?locale=fr_FR\" target=\"_blank\" rel=\"noopener\">Facebook<\/a>\u00a0et\u00a0<a href=\"https:\/\/x.com\/JournalLaMarne\">Twitter<\/a>\u2009; et\u00a0Le Pays Briard\u00a0sur\u00a0<a href=\"https:\/\/www.facebook.com\/LePaysBriard\/?ref=bookmarks\" target=\"_blank\" rel=\"noopener\">Facebook<\/a>\u00a0et\u00a0<a href=\"https:\/\/x.com\/LePaysBriard\">Twitter<\/a>\u2009;<br \/>Yvelines\u2009: retrouvez\u00a078actu\u00a0sur\u00a0<a href=\"https:\/\/www.facebook.com\/78actu?locale=fr_FR\" target=\"_blank\" rel=\"noopener\">Facebook<\/a>\u00a0et\u00a0<a href=\"https:\/\/x.com\/78actu\">Twitter<\/a>\u2009;<br \/>Essonne\u2009: retrouvez\u00a0actu Essonne\u00a0sur\u00a0<a href=\"https:\/\/www.facebook.com\/actuessonne\/?ref=br_rs\" target=\"_blank\" rel=\"noopener\">Facebook<\/a>\u00a0et\u00a0<a href=\"https:\/\/x.com\/ActuEssonne\">Twitter<\/a>\u2009;<br \/>Hauts-de-Seine\u2009: retrouvez\u00a0actu Hauts-de-Seine\u00a0sur\u00a0<a href=\"https:\/\/www.facebook.com\/actufr.hautsdeseine\/\" target=\"_blank\" rel=\"noopener\">Facebook<\/a>\u00a0et\u00a0<a href=\"https:\/\/x.com\/actufr92\">Twitter<\/a>\u2009;<br \/>Seine-Saint-Denis\u2009: retrouvez\u00a0actu Seine-Saint-Denis\u00a0sur\u00a0<a href=\"https:\/\/www.facebook.com\/actu94.valdemarne\/\" target=\"_blank\" rel=\"noopener\">Facebook<\/a>\u00a0et\u00a0<a href=\"https:\/\/x.com\/actufr93\">Twitter<\/a>\u2009;<br \/>Val-de-Marne\u2009: retrouvez\u00a0actu Val-de-Marne\u00a0sur\u00a0<a href=\"https:\/\/www.facebook.com\/actu94.valdemarne\/\" target=\"_blank\" rel=\"noopener\">Facebook<\/a>\u00a0et\u00a0<a href=\"https:\/\/x.com\/actufr94\">Twitter<\/a>\u2009;<br \/>Val-d\u2019Oise\u2009: retrouvez\u00a0La Gazette du Val-d\u2019Oise\u00a0sur\u00a0<a href=\"https:\/\/www.facebook.com\/lagazetteduvaldoise\/\" target=\"_blank\" rel=\"noopener\">Facebook<\/a>.<\/p>\n<p class=\" wall-content\">Suivez toute l\u2019actualit\u00e9 de vos villes et m\u00e9dias favoris en vous inscrivant \u00e0 <a href=\"https:\/\/moncompte.actu.fr\" title=\"D\u00e9couvez Mon Actu\" rel=\"nofollow noopener\" data-trk=\"{&quot;cta&quot;:{&quot;action&quot;:&quot;https:\\\/\\\/moncompte.actu.fr&quot;,&quot;category&quot;:&quot;mon compte&quot;,&quot;from&quot;:&quot;article footer&quot;,&quot;name&quot;:&quot;Mon actu&quot;,&quot;type&quot;:&quot;cta&quot;}}\" target=\"_blank\">Mon Actu<\/a>.<\/p>\n","protected":false},"excerpt":{"rendered":"Par Antoine Grotteria Publi\u00e9 le 6 avr. 2025 \u00e0 20h32 Le Rassemblement national, une partie de la gauche&hellip;\n","protected":false},"author":2,"featured_media":7822,"comment_status":"","ping_status":"","sticky":false,"template":"","format":"standard","meta":{"footnotes":""},"categories":[1592],"tags":[1111,11,1129,1057,1777,674,1011,27,662,1272,12,626,25,104],"class_list":{"0":"post-7821","1":"post","2":"type-post","3":"status-publish","4":"format-standard","5":"has-post-thumbnail","7":"category-ile-de-france","8":"tag-actu","9":"tag-actualites","10":"tag-climat","11":"tag-education","12":"tag-eu","13":"tag-europe","14":"tag-fr","15":"tag-france","16":"tag-ile-de-france","17":"tag-manifestations","18":"tag-news","19":"tag-paris","20":"tag-republique-francaise","21":"tag-societe"},"share_on_mastodon":{"url":"https:\/\/pubeurope.com\/@fr\/114296673112966641","error":""},"_links":{"self":[{"href":"https:\/\/www.europesays.com\/fr\/wp-json\/wp\/v2\/posts\/7821","targetHints":{"allow":["GET"]}}],"collection":[{"href":"https:\/\/www.europesays.com\/fr\/wp-json\/wp\/v2\/posts"}],"about":[{"href":"https:\/\/www.europesays.com\/fr\/wp-json\/wp\/v2\/types\/post"}],"author":[{"embeddable":true,"href":"https:\/\/www.europesays.com\/fr\/wp-json\/wp\/v2\/users\/2"}],"replies":[{"embeddable":true,"href":"https:\/\/www.europesays.com\/fr\/wp-json\/wp\/v2\/comments?post=7821"}],"version-history":[{"count":0,"href":"https:\/\/www.europesays.com\/fr\/wp-json\/wp\/v2\/posts\/7821\/revisions"}],"wp:featuredmedia":[{"embeddable":true,"href":"https:\/\/www.europesays.com\/fr\/wp-json\/wp\/v2\/media\/7822"}],"wp:attachment":[{"href":"https:\/\/www.europesays.com\/fr\/wp-json\/wp\/v2\/media?parent=7821"}],"wp:term":[{"taxonomy":"category","embeddable":true,"href":"https:\/\/www.europesays.com\/fr\/wp-json\/wp\/v2\/categories?post=7821"},{"taxonomy":"post_tag","embeddable":true,"href":"https:\/\/www.europesays.com\/fr\/wp-json\/wp\/v2\/tags?post=7821"}],"curies":[{"name":"wp","href":"https:\/\/api.w.org\/{rel}","templated":true}]}}