{"id":78213,"date":"2025-05-06T02:53:14","date_gmt":"2025-05-06T02:53:14","guid":{"rendered":"https:\/\/www.europesays.com\/fr\/78213\/"},"modified":"2025-05-06T02:53:14","modified_gmt":"2025-05-06T02:53:14","slug":"nucleaire-mercosur-defense-paris-veut-resynchroniser-la-relation-franco-allemande","status":"publish","type":"post","link":"https:\/\/www.europesays.com\/fr\/78213\/","title":{"rendered":"Nucl\u00e9aire, Mercosur, d\u00e9fense\u2026 Paris veut \u00ab\u200aresynchroniser\u200a\u00bb la relation franco-allemande"},"content":{"rendered":"<p><strong>D\u00c9CRYPTAGE &#8211;<\/strong> Apr\u00e8s quatre ann\u00e9es de faible impulsion politique avec Olaf Scholz, Emmanuel Macron mise sur le nouveau chancelier, Friedrich Merz, pour \u00ab\u00a0solder les malentendus\u00a0\u00bb franco-allemands.<\/p>\n<p class=\"fig-paragraph\">Sobrement,\u00a0<a href=\"http:\/\/www.lefigaro.fr\/international\/le-coup-de-des-d-emmanuel-macron-met-l-allemand-olaf-scholz-sous-pression-20240610\" target=\"_blank\" data-fig-type=\"Article\" rel=\"noopener nofollow\" data-gtm-custom-categorie=\"navigation\" data-gtm-custom-action=\"crossclick\" data-gtm-custom-label=\"Contextuel\" data-gtm-event=\"customEventSPE\" data-fig-domain=\"LEFIGARO\">Emmanuel Macron et Olaf Scholz<\/a>\u00a0se sont dit au revoir. Le 30\u00a0avril, le pr\u00e9sident de la R\u00e9publique a re\u00e7u \u00e0 l\u2019\u00c9lys\u00e9e le chancelier allemand sortant\u00a0<a href=\"http:\/\/www.lefigaro.fr\/international\/macron-recoit-scholz-ce-mercredi-a-l-elysee-pour-un-dejeuner-en-forme-d-adieu-20250122\" target=\"_blank\" data-fig-type=\"NewsFlash\" rel=\"noopener nofollow\" data-gtm-custom-categorie=\"navigation\" data-gtm-custom-action=\"crossclick\" data-gtm-custom-label=\"Contextuel\" data-gtm-event=\"customEventSPE\" data-fig-domain=\"LEFIGARO\">pour un ultime d\u00eener \u00e0 l\u2019\u00c9lys\u00e9e<\/a>\u00a0entre \u00ab\u00a0amis\u00a0\u00bb, en pr\u00e9sence de leurs \u00e9pouses. \u00ab\u00a0Ensemble, nous avons rendu le couple franco-allemand plus fort\u00a0\u00bb, a\u00a0assur\u00e9\u00a0l\u2019ancien leader du SPD. \u00ab\u00a0Que l\u2019amiti\u00e9 entre l\u2019Allemagne et la France, socle fraternel et moteur de notre Europe, continue de grandir\u00a0!\u00a0\u00bb, a\u00a0d\u00e9clar\u00e9\u00a0le chef de l\u2019\u00c9tat fran\u00e7ais dans un message post\u00e9 sur les r\u00e9seaux sociaux pour remercier \u00ab\u00a0son ami\u00a0\u00bb. Les formules convenues marquent la fin d\u2019un chapitre d\u00e9cevant. Une nouvelle \u00e8re dans la relation franco-allemande devrait commencer. On l\u2019esp\u00e8re et on le promet des deux c\u00f4t\u00e9s du Rhin. Mardi,\u00a0<a href=\"http:\/\/www.lefigaro.fr\/vox\/monde\/l-entree-au-pouvoir-de-friederich-merz-est-l-occasion-de-relancer-le-couple-franco-allemand-20250505\" target=\"_blank\" data-fig-type=\"Article\" rel=\"noopener nofollow\" data-gtm-custom-categorie=\"navigation\" data-gtm-custom-action=\"crossclick\" data-gtm-custom-label=\"Contextuel\" data-gtm-event=\"customEventSPE\" data-fig-domain=\"LEFIGARO\">le chr\u00e9tien-d\u00e9mocrate Friedrich\u00a0Merz<\/a>\u00a0va s\u2019installer \u00e0 la Chancellerie, apr\u00e8s un vote de confirmation du Bundestag de la coalition form\u00e9e par la CDU-CSU et le SPD.<\/p>\n<p class=\"fig-paragraph\">Dans un rituel sans surprise, le nouveau chancelier est ensuite\u2026<\/p>\n<p class=\"fig-premium-paywall__infos\">\n        Cet article est r\u00e9serv\u00e9 aux abonn\u00e9s.        Il vous reste 85% \u00e0 d\u00e9couvrir.\n    <\/p>\n<p>                <img  data- alt=\"Le Figaro\" class=\"fig-img--complete fig-img\"\/><\/p>\n<p class=\"fig-premium-paywall__title\">Je m&rsquo;informe, je m&rsquo;inspire, je m&rsquo;abonne.<\/p>\n<p class=\"fig-premium-paywall__subtitle\">D\u00e9couvrez notre offre de bienvenue.<\/p>\n<p class=\"fig-premium-paywall__connect\">\n                D\u00e9j\u00e0 abonn\u00e9\u00a0?                <a class=\"fig-premium-paywall__connect-link\" href=\"https:\/\/connect.lefigaro.fr\/login?client=horizon_web&amp;type=main&amp;redirect_uri=https%3A%2F%2Fwww.lefigaro.fr%2Finternational%2Fnucleaire-mercosur-defense-paris-veut-resynchroniser-la-relation-franco-allemande-20250505\" data-js-gtm=\"{&quot;customCategorie&quot;: &quot;conversion&quot;, &quot;customAction&quot;: &quot;before_Landing_Connexion_paywall_auto&quot;, &quot;customLabel&quot;: &quot;bGVmaWdhcm8uZnJfXzFmMDI5OWMzLTIzM2QtNjhhMC1hMDAwLTc1NzcwY2U4MjJmMF9fQXJ0aWNsZQ==_Nucl\u00e9aire, Mercosur, d\u00e9fense\u2026 Paris veut \u00ab\u200aresynchroniser\u00a0\u00bb la relation franco-allemande_59&quot;, &quot;customIDSPE&quot;: &quot;bGVmaWdhcm8uZnJfXzFmMDI5OWMzLTIzM2QtNjhhMC1hMDAwLTc1NzcwY2U4MjJmMF9fQXJ0aWNsZQ==&quot;, &quot;event&quot;: &quot;customEventSPE&quot;}\" rel=\"nofollow noopener\" target=\"_blank\"><br \/>\n                    Connectez-vous<br \/>\n                <\/a>\n            <\/p>\n","protected":false},"excerpt":{"rendered":"D\u00c9CRYPTAGE &#8211; Apr\u00e8s quatre ann\u00e9es de faible impulsion politique avec Olaf Scholz, Emmanuel Macron mise sur le nouveau&hellip;\n","protected":false},"author":2,"featured_media":78214,"comment_status":"","ping_status":"","sticky":false,"template":"","format":"standard","meta":{"footnotes":""},"categories":[1888],"tags":[1111,1928,259,11,1927,260,672,1073,1777,674,1011,27,4710,14,261,12,1926,626,1925,262,25],"class_list":{"0":"post-78213","1":"post","2":"type-post","3":"status-publish","4":"format-standard","5":"has-post-thumbnail","7":"category-paris","8":"tag-actu","9":"tag-actu-paris","10":"tag-actualite-internationale","11":"tag-actualites","12":"tag-actualites-paris","13":"tag-affaires-etrangeres","14":"tag-allemagne","15":"tag-emmanuel-macron","16":"tag-eu","17":"tag-europe","18":"tag-fr","19":"tag-france","20":"tag-friedrich-merz","21":"tag-international","22":"tag-ministere-des-affaires-etrangeres","23":"tag-news","24":"tag-news-paris","25":"tag-paris","26":"tag-paris-news","27":"tag-politique-etrangere","28":"tag-republique-francaise"},"share_on_mastodon":{"url":"https:\/\/pubeurope.com\/@fr\/114458630755943715","error":""},"_links":{"self":[{"href":"https:\/\/www.europesays.com\/fr\/wp-json\/wp\/v2\/posts\/78213","targetHints":{"allow":["GET"]}}],"collection":[{"href":"https:\/\/www.europesays.com\/fr\/wp-json\/wp\/v2\/posts"}],"about":[{"href":"https:\/\/www.europesays.com\/fr\/wp-json\/wp\/v2\/types\/post"}],"author":[{"embeddable":true,"href":"https:\/\/www.europesays.com\/fr\/wp-json\/wp\/v2\/users\/2"}],"replies":[{"embeddable":true,"href":"https:\/\/www.europesays.com\/fr\/wp-json\/wp\/v2\/comments?post=78213"}],"version-history":[{"count":0,"href":"https:\/\/www.europesays.com\/fr\/wp-json\/wp\/v2\/posts\/78213\/revisions"}],"wp:featuredmedia":[{"embeddable":true,"href":"https:\/\/www.europesays.com\/fr\/wp-json\/wp\/v2\/media\/78214"}],"wp:attachment":[{"href":"https:\/\/www.europesays.com\/fr\/wp-json\/wp\/v2\/media?parent=78213"}],"wp:term":[{"taxonomy":"category","embeddable":true,"href":"https:\/\/www.europesays.com\/fr\/wp-json\/wp\/v2\/categories?post=78213"},{"taxonomy":"post_tag","embeddable":true,"href":"https:\/\/www.europesays.com\/fr\/wp-json\/wp\/v2\/tags?post=78213"}],"curies":[{"name":"wp","href":"https:\/\/api.w.org\/{rel}","templated":true}]}}