{"id":78218,"date":"2025-05-06T02:56:12","date_gmt":"2025-05-06T02:56:12","guid":{"rendered":"https:\/\/www.europesays.com\/fr\/78218\/"},"modified":"2025-05-06T02:56:12","modified_gmt":"2025-05-06T02:56:12","slug":"un-documentaire-russe-celebre-ses-25-ans-au-kremlin","status":"publish","type":"post","link":"https:\/\/www.europesays.com\/fr\/78218\/","title":{"rendered":"un documentaire russe c\u00e9l\u00e8bre ses 25 ans au Kremlin"},"content":{"rendered":"\n<p>\u201cUn pr\u00e9sident infatigable, un homme ordinaire, le sauveur de l\u2019\u00e9conomie et le d\u00e9fenseur des opprim\u00e9s, Poutine, irrempla\u00e7able\u201d, tel est le portrait que dresse Rossiya\u00a01, la cha\u00eene proche du Kremlin, dans son documentaire d\u20191\u00a0h\u00a040\u00a0intitul\u00e9 Russie. Kremlin. Poutine. 25\u00a0ans, diffus\u00e9 le 4\u00a0mai \u00e0 l\u2019occasion de l\u2019anniversaire de l\u2019arriv\u00e9e au pouvoir de Vladimir Poutine, qui est actuellement dans son 5e\u00a0mandat, <a class=\"ithalc\" data-ithal=\"lien_externe\" data-ithalc=\"[nav_article]\" target=\"_blank\" href=\"https:\/\/vot-tak.tv\/86527899\/zarubin-o-putine\" rel=\"noopener\">rapporte le m\u00e9dia ind\u00e9pendant <strong>VotTak<\/strong><\/a><strong>,<\/strong> affili\u00e9 \u00e0 la cha\u00eene bi\u00e9lorusse Belsat.<\/p>\n<p>Dans une production qui se veut immersive et intime, Pavel Zaroubine, fid\u00e8le journaliste du pool pr\u00e9sidentiel, guide le t\u00e9l\u00e9spectateur russe \u00e0 travers le quotidien d\u2019un pr\u00e9sident qui travaille jusque tard dans la nuit.<\/p>\n<p>\u201cL\u2019appartement du Kremlin pour le pr\u00e9sident n\u2019est pas un luxe, c\u2019est une n\u00e9cessit\u00e9\u201d, <a class=\"ithalc\" data-ithal=\"lien_externe\" data-ithalc=\"[nav_article]\" target=\"_blank\" href=\"https:\/\/www.kp.ru\/daily\/27694.5\/5083661\/\" rel=\"noopener\">affirme <strong>Komsomolska\u00efa Pravda<\/strong><\/a><strong>, <\/strong>d\u00e9crivant ce<strong> <\/strong>lieu de travail rythm\u00e9 par des r\u00e9unions jusqu\u2019\u00e0 deux heures du matin, souvent prolong\u00e9es \u201cpar des discussions informelles avec Xi\u00a0Jinping ou Alexandre Loukachenko autour d\u2019un go\u00fbter priv\u00e9\u201d. Interrog\u00e9 par Zaroubine sur sa r\u00e9sidence au Kremlin, Poutine r\u00e9pond\u00a0: \u201cCes trois derni\u00e8res ann\u00e9es, j\u2019ai \u00e9t\u00e9 principalement ici.\u201d<\/p>\n<p> \u201cFabriquer constamment de nouveaux Poutine\u201d <\/p>\n<p>Pour VotTak, la symbolique du calendrier n\u2019est pas anodine, car l\u2019entretien principal a \u00e9t\u00e9 enregistr\u00e9 le 26\u00a0mars, soit pile vingt-cinq ans apr\u00e8s l\u2019\u00e9lection qui l\u2019a port\u00e9 au pouvoir.\u00a0Entre des rendez-vous, il invite l\u2019\u00e9quipe de tournage \u00e0 d\u00e9couvrir sa cuisine, sa salle de sport, sa biblioth\u00e8que, sa garde-robe et son \u00e9glise personne<\/p>\n","protected":false},"excerpt":{"rendered":"\u201cUn pr\u00e9sident infatigable, un homme ordinaire, le sauveur de l\u2019\u00e9conomie et le d\u00e9fenseur des opprim\u00e9s, Poutine, irrempla\u00e7able\u201d, tel&hellip;\n","protected":false},"author":2,"featured_media":78219,"comment_status":"","ping_status":"","sticky":false,"template":"","format":"standard","meta":{"footnotes":""},"categories":[1591],"tags":[11,18398,1190,674,1887,131,12,1885,1886,132,1857,135],"class_list":{"0":"post-78218","1":"post","2":"type-post","3":"status-publish","4":"format-standard","5":"has-post-thumbnail","7":"category-russie","8":"tag-actualites","9":"tag-crimu00e9e","10":"tag-documentaire","11":"tag-europe","12":"tag-federation-de-russie","13":"tag-guerre-en-ukraine","14":"tag-news","15":"tag-russia","16":"tag-russian-federation","17":"tag-russie","18":"tag-sociu00e9tu00e9","19":"tag-vladimir-poutine"},"share_on_mastodon":{"url":"https:\/\/pubeurope.com\/@fr\/114458642597418433","error":""},"_links":{"self":[{"href":"https:\/\/www.europesays.com\/fr\/wp-json\/wp\/v2\/posts\/78218","targetHints":{"allow":["GET"]}}],"collection":[{"href":"https:\/\/www.europesays.com\/fr\/wp-json\/wp\/v2\/posts"}],"about":[{"href":"https:\/\/www.europesays.com\/fr\/wp-json\/wp\/v2\/types\/post"}],"author":[{"embeddable":true,"href":"https:\/\/www.europesays.com\/fr\/wp-json\/wp\/v2\/users\/2"}],"replies":[{"embeddable":true,"href":"https:\/\/www.europesays.com\/fr\/wp-json\/wp\/v2\/comments?post=78218"}],"version-history":[{"count":0,"href":"https:\/\/www.europesays.com\/fr\/wp-json\/wp\/v2\/posts\/78218\/revisions"}],"wp:featuredmedia":[{"embeddable":true,"href":"https:\/\/www.europesays.com\/fr\/wp-json\/wp\/v2\/media\/78219"}],"wp:attachment":[{"href":"https:\/\/www.europesays.com\/fr\/wp-json\/wp\/v2\/media?parent=78218"}],"wp:term":[{"taxonomy":"category","embeddable":true,"href":"https:\/\/www.europesays.com\/fr\/wp-json\/wp\/v2\/categories?post=78218"},{"taxonomy":"post_tag","embeddable":true,"href":"https:\/\/www.europesays.com\/fr\/wp-json\/wp\/v2\/tags?post=78218"}],"curies":[{"name":"wp","href":"https:\/\/api.w.org\/{rel}","templated":true}]}}