{"id":7823,"date":"2025-04-07T12:26:18","date_gmt":"2025-04-07T12:26:18","guid":{"rendered":"https:\/\/www.europesays.com\/fr\/7823\/"},"modified":"2025-04-07T12:26:18","modified_gmt":"2025-04-07T12:26:18","slug":"quelles-perturbations-prevoir-pour-la-ratp-et-la-sncf-cette-semaine","status":"publish","type":"post","link":"https:\/\/www.europesays.com\/fr\/7823\/","title":{"rendered":"Quelles perturbations pr\u00e9voir pour la RATP et la SNCF cette semaine ?"},"content":{"rendered":"<p><strong>TRANSPORTS &#8211; Du lundi 7 au dimanche 13 avril 2025, plusieurs changements sont \u00e0 prendre en compte sur les lignes parisiennes et franciliennes. D\u00e9couvrez ce que vous r\u00e9serve cette semaine dans les transports<\/strong><\/p>\n<p>Une nouvelle semaine d\u00e9marre et les transports parisiens et franciliens connaissent de nouvelles perturbations. Les RER C et D, les lignes P et N seront les principales lignes connaissant des changements du lundi 7 au dimanche 13 avril 2025. Voici ce qu\u2019il faut savoir :<\/p>\n<p>M\u00e9troLigne 6<\/p>\n<p>Samedi 12 et dimanche 13 avril, le trafic sera interrompu entre Nation et Daumesnil (travaux). Des bus de substitution seront disponibles.<\/p>\n<p>Ligne 12<\/p>\n<p>Dimanche 13 avril, d\u00e8s 22h, le trafic sera interrompu sur l\u2019ensemble de la ligne (travaux).<\/p>\n<p>Ligne 14<\/p>\n<ul class=\"caas-list caas-list-bullet\">\n<li>\n<p>Lundi 7 et mardi 8 avril, d\u00e8s 22h, le trafic sera interrompu entre Maison Blanche et <a href=\"https:\/\/www.20minutes.fr\/dossier\/saint-denis\" rel=\"nofollow noopener\" target=\"_blank\" data-ylk=\"slk:Saint-Denis;elm:context_link;itc:0;sec:content-canvas\" class=\"link \">Saint-Denis<\/a> \u2013 Pleyel (travaux).<\/p>\n<\/li>\n<li>\n<p>Mercredi 9 avril, d\u00e8s 22h, le trafic est interrompu sur l\u2019ensemble de la ligne (travaux).<\/p>\n<\/li>\n<\/ul>\n<p>Des bus de substitution seront disponibles entre <a href=\"https:\/\/www.20minutes.fr\/dossier\/gare_de_lyon\" rel=\"nofollow noopener\" target=\"_blank\" data-ylk=\"slk:Gare de Lyon;elm:context_link;itc:0;sec:content-canvas\" class=\"link \">Gare de Lyon<\/a> et Olympiades.<\/p>\n<p>RERRER B<\/p>\n<p>Du lundi 7 au vendredi 11 avril, d\u00e8s 22h45, le trafic est interrompu entre Ch\u00e2telet \u2013 Les Halles et Mitry \u2013 Claye \u2022\u200b A\u00e9roport Charles de Gaulle 2 \u2013 TGV (travaux).<\/p>\n<p>Des bus de substitution seront disponibles.<\/p>\n<p>RER C<\/p>\n<ul class=\"caas-list caas-list-bullet\">\n<li>\n<p>Du lundi 7 au vendredi 11 avril, d\u00e8s 23h30, le trafic est interrompu entre Javel et Saint Quentin en Yvelines (travaux). Des bus de substitution seront disponibles.<\/p>\n<\/li>\n<li>\n<p>Du lundi 7 au vendredi 11 avril, d\u00e8s 23h30, le trafic est interrompu entre Paris Austerlitz et Dourdan\/Saint-Martin d\u2019\u00c9tampes (travaux). Des bus de substitution seront disponibles.<\/p>\n<\/li>\n<\/ul>\n<p>Du lundi 7 au vendredi 11 avril, d\u00e8s 23h30, le trafic est interrompu entre Versailles Ch\u00e2teau Rive Gauche et Jave(&#8230;)<\/p>\n<p><a href=\"https:\/\/www.20minutes.fr\/paris\/4147256-20250406-paris-ile-france-perturbations-prevoir-ratp-sncf-semaine\" rel=\"nofollow noopener\" target=\"_blank\" data-ylk=\"slk:Lire la suite sur 20minutes;elm:context_link;itc:0;sec:content-canvas\" class=\"link \">Lire la suite sur 20minutes<\/a><\/p>\n<p>\u00c0 lire aussi :<br \/><a href=\"https:\/\/www.20minutes.fr\/societe\/greve\/4147112-20250404-sncf-appel-greve-controleurs-pont-8-mai\" rel=\"nofollow noopener\" target=\"_blank\" data-ylk=\"slk:SNCF : Un appel \u00e0 la gr\u00e8ve des contr\u00f4leurs pour le pont du 8-mai;elm:context_link;itc:0;sec:content-canvas\" class=\"link \">SNCF : Un appel \u00e0 la gr\u00e8ve des contr\u00f4leurs pour le pont du 8-mai<\/a><br \/><a href=\"https:\/\/www.20minutes.fr\/societe\/4147007-20250404-espagne-toujours-train-paris-toulouse-comme-sncf-renfe-retard-projets\" rel=\"nofollow noopener\" target=\"_blank\" data-ylk=\"slk:Espagne : Toujours pas de train pour Paris ou Toulouse\u2026 comme la SNCF, la Renfe \u00ab en retard \u00bb sur ses projets;elm:context_link;itc:0;sec:content-canvas\" class=\"link \">Espagne : Toujours pas de train pour Paris ou Toulouse\u2026 comme la SNCF, la Renfe \u00ab en retard \u00bb sur ses projets<\/a><\/p>\n","protected":false},"excerpt":{"rendered":"TRANSPORTS &#8211; Du lundi 7 au dimanche 13 avril 2025, plusieurs changements sont \u00e0 prendre en compte sur&hellip;\n","protected":false},"author":2,"featured_media":7824,"comment_status":"","ping_status":"","sticky":false,"template":"","format":"standard","meta":{"footnotes":""},"categories":[1592],"tags":[1111,11,4191,1777,674,1011,27,662,12,626,25],"class_list":{"0":"post-7823","1":"post","2":"type-post","3":"status-publish","4":"format-standard","5":"has-post-thumbnail","7":"category-ile-de-france","8":"tag-actu","9":"tag-actualites","10":"tag-aeroport-charles-de-gaulle","11":"tag-eu","12":"tag-europe","13":"tag-fr","14":"tag-france","15":"tag-ile-de-france","16":"tag-news","17":"tag-paris","18":"tag-republique-francaise"},"share_on_mastodon":{"url":"https:\/\/pubeurope.com\/@fr\/114296676914984962","error":""},"_links":{"self":[{"href":"https:\/\/www.europesays.com\/fr\/wp-json\/wp\/v2\/posts\/7823","targetHints":{"allow":["GET"]}}],"collection":[{"href":"https:\/\/www.europesays.com\/fr\/wp-json\/wp\/v2\/posts"}],"about":[{"href":"https:\/\/www.europesays.com\/fr\/wp-json\/wp\/v2\/types\/post"}],"author":[{"embeddable":true,"href":"https:\/\/www.europesays.com\/fr\/wp-json\/wp\/v2\/users\/2"}],"replies":[{"embeddable":true,"href":"https:\/\/www.europesays.com\/fr\/wp-json\/wp\/v2\/comments?post=7823"}],"version-history":[{"count":0,"href":"https:\/\/www.europesays.com\/fr\/wp-json\/wp\/v2\/posts\/7823\/revisions"}],"wp:featuredmedia":[{"embeddable":true,"href":"https:\/\/www.europesays.com\/fr\/wp-json\/wp\/v2\/media\/7824"}],"wp:attachment":[{"href":"https:\/\/www.europesays.com\/fr\/wp-json\/wp\/v2\/media?parent=7823"}],"wp:term":[{"taxonomy":"category","embeddable":true,"href":"https:\/\/www.europesays.com\/fr\/wp-json\/wp\/v2\/categories?post=7823"},{"taxonomy":"post_tag","embeddable":true,"href":"https:\/\/www.europesays.com\/fr\/wp-json\/wp\/v2\/tags?post=7823"}],"curies":[{"name":"wp","href":"https:\/\/api.w.org\/{rel}","templated":true}]}}