{"id":78230,"date":"2025-05-06T03:02:08","date_gmt":"2025-05-06T03:02:08","guid":{"rendered":"https:\/\/www.europesays.com\/fr\/78230\/"},"modified":"2025-05-06T03:02:08","modified_gmt":"2025-05-06T03:02:08","slug":"lue-confrontee-a-une-vague-souverainiste","status":"publish","type":"post","link":"https:\/\/www.europesays.com\/fr\/78230\/","title":{"rendered":"\u00ab\u00a0L\u2019UE confront\u00e9e \u00e0 une vague souverainiste\u00a0\u00bb"},"content":{"rendered":"<p><strong>CHRONIQUE &#8211;\u00a0<\/strong> Le vote de la Roumanie pour George Simion, qui a recueilli pr\u00e8s de 41\u00a0% des suffrages au premier tour, signale qu\u2019une vague souverainiste, aux accents trumpistes, est en train de d\u00e9ferler sur une partie de l\u2019UE.<\/p>\n<p class=\"fig-paragraph\">En\u00a0<a href=\"http:\/\/www.lefigaro.fr\/international\/en-roumanie-la-spectaculaire-montee-en-puissance-des-nationalistes-20250504\" data-fig-type=\"Article\" data-gtm-custom-categorie=\"navigation\" data-gtm-custom-action=\"crossclick\" data-gtm-custom-label=\"Contextuel\" data-gtm-event=\"customEventSPE\" data-fig-domain=\"LEFIGARO\" target=\"_blank\" rel=\"noopener\">Roumanie<\/a>, les \u00e9lecteurs ont \u00e0 nouveau tranch\u00e9. Au premier tour de l\u2019\u00e9lection pr\u00e9sidentielle, qui s\u2019est tenu le 4\u00a0mai 2025, le candidat nationaliste George Simion, leader du parti AUR (Alliance pour l\u2019unit\u00e9 des Roumains) est arriv\u00e9 en t\u00eate avec 41\u00a0% des voix. La derni\u00e8re fois que les \u00e9lecteurs roumains s\u2019\u00e9taient prononc\u00e9s d\u00e9mocratiquement, leur vote avait \u00e9t\u00e9 annul\u00e9 par une d\u00e9cision de la Cour constitutionnelle roumaine. Cette institution avait annul\u00e9 le pr\u00e9c\u00e9dent premier tour de la pr\u00e9sidentielle, o\u00f9 un autre candidat nationaliste,\u00a0<a href=\"http:\/\/www.lefigaro.fr\/international\/roumanie-qu-est-il-exactement-reproche-au-candidat-calin-georgescu-ecarte-de-la-presidentielle-pour-des-soupcons-d-ingerence-russe-20250310\" data-fig-type=\"Article\" data-gtm-custom-categorie=\"navigation\" data-gtm-custom-action=\"crossclick\" data-gtm-custom-label=\"Contextuel\" data-gtm-event=\"customEventSPE\" data-fig-domain=\"LEFIGARO\" target=\"_blank\" rel=\"noopener\">Calin Georgescu<\/a>, \u00e9tait arriv\u00e9 en t\u00eate avec 23\u00a0% des voix. Les juges avaient avanc\u00e9 comme raison la vague de messages prorusses qui avait d\u00e9ferl\u00e9 sur les r\u00e9seaux sociaux, et qui aurait donc ind\u00fbment influenc\u00e9 l\u2019\u00e9lectorat, lui faisant ainsi faire le \u00ab\u00a0mauvais choix\u00a0\u00bb.<\/p>\n<p class=\"fig-paragraph\">Le 14\u00a0f\u00e9vrier 2025, dans un discours \u00e0 la conf\u00e9rence de Munich sur la s\u00e9curit\u00e9, le vice-pr\u00e9sident am\u00e9ricain\u00a0<a href=\"http:\/\/www.lefigaro.fr\/vox\/monde\/peter-thiel-et-jd-vance-s-en-reclament-l-etrange-engouement-de-la-droite-americaine-pour-la-pensee-de-rene-girard-20250428\" data-fig-type=\"Article\" data-gtm-custom-categorie=\"navigation\" data-gtm-custom-action=\"crossclick\" data-gtm-custom-label=\"Contextuel\" data-gtm-event=\"customEventSPE\" data-fig-domain=\"LEFIGARO\" target=\"_blank\" rel=\"noopener\">JD Vance<\/a>\u00a0avait pris comme exemple l\u2019invalidation du scrutin roumain pour d\u00e9noncer\u2026<\/p>\n<p class=\"fig-premium-paywall__infos\">\n        Cet article est r\u00e9serv\u00e9 aux abonn\u00e9s.        Il vous reste 84% \u00e0 d\u00e9couvrir.\n    <\/p>\n<p>                <img  data- alt=\"Le Figaro\" class=\"fig-img--complete fig-img\"\/><\/p>\n<p class=\"fig-premium-paywall__title\">Je m&rsquo;informe, je m&rsquo;inspire, je m&rsquo;abonne.<\/p>\n<p class=\"fig-premium-paywall__subtitle\">D\u00e9couvrez notre offre de bienvenue.<\/p>\n<p class=\"fig-premium-paywall__connect\">\n                D\u00e9j\u00e0 abonn\u00e9\u00a0?                <a class=\"fig-premium-paywall__connect-link\" href=\"https:\/\/connect.lefigaro.fr\/login?client=horizon_web&amp;type=main&amp;redirect_uri=https%3A%2F%2Fwww.lefigaro.fr%2Fvox%2Fmonde%2Frenaud-girard-l-ue-confrontee-a-une-vague-souverainiste-20250506\" data-js-gtm=\"{&quot;customCategorie&quot;: &quot;conversion&quot;, &quot;customAction&quot;: &quot;before_Landing_Connexion_paywall_auto&quot;, &quot;customLabel&quot;: &quot;bGVmaWdhcm8uZnJfXzFmMDI5Y2YxLTlhYTMtNmU0MC04NTIzLTE3NmRmNTlhNDU2MF9fQXJ0aWNsZQ==_Renaud Girard\u00a0: \u00ab\u00a0L\u2019UE confront\u00e9e \u00e0 une vague souverainiste\u00a0\u00bb_188&quot;, &quot;customIDSPE&quot;: &quot;bGVmaWdhcm8uZnJfXzFmMDI5Y2YxLTlhYTMtNmU0MC04NTIzLTE3NmRmNTlhNDU2MF9fQXJ0aWNsZQ==&quot;, &quot;event&quot;: &quot;customEventSPE&quot;}\" target=\"_blank\" rel=\"noopener\"><br \/>\n                    Connectez-vous<br \/>\n                <\/a>\n            <\/p>\n","protected":false},"excerpt":{"rendered":"CHRONIQUE &#8211;\u00a0 Le vote de la Roumanie pour George Simion, qui a recueilli pr\u00e8s de 41\u00a0% des suffrages&hellip;\n","protected":false},"author":2,"featured_media":78231,"comment_status":"","ping_status":"","sticky":false,"template":"","format":"standard","meta":{"footnotes":""},"categories":[1586],"tags":[11,1428,1292,2198,2197,75,1777,674,1779,1429,1011,27,14,12,1427,1426,25,4868,1778,364],"class_list":{"0":"post-78230","1":"post","2":"type-post","3":"status-publish","4":"format-standard","5":"has-post-thumbnail","7":"category-europe","8":"tag-actualites","9":"tag-chroniqueurs","10":"tag-debat","11":"tag-debat-monde","12":"tag-debats-international","13":"tag-donald-trump","14":"tag-eu","15":"tag-europe","16":"tag-european-union","17":"tag-figarovox","18":"tag-fr","19":"tag-france","20":"tag-international","21":"tag-news","22":"tag-opinions","23":"tag-questions","24":"tag-republique-francaise","25":"tag-roumanie","26":"tag-ue","27":"tag-union-europeenne"},"share_on_mastodon":{"url":"https:\/\/pubeurope.com\/@fr\/114458666203357063","error":""},"_links":{"self":[{"href":"https:\/\/www.europesays.com\/fr\/wp-json\/wp\/v2\/posts\/78230","targetHints":{"allow":["GET"]}}],"collection":[{"href":"https:\/\/www.europesays.com\/fr\/wp-json\/wp\/v2\/posts"}],"about":[{"href":"https:\/\/www.europesays.com\/fr\/wp-json\/wp\/v2\/types\/post"}],"author":[{"embeddable":true,"href":"https:\/\/www.europesays.com\/fr\/wp-json\/wp\/v2\/users\/2"}],"replies":[{"embeddable":true,"href":"https:\/\/www.europesays.com\/fr\/wp-json\/wp\/v2\/comments?post=78230"}],"version-history":[{"count":0,"href":"https:\/\/www.europesays.com\/fr\/wp-json\/wp\/v2\/posts\/78230\/revisions"}],"wp:featuredmedia":[{"embeddable":true,"href":"https:\/\/www.europesays.com\/fr\/wp-json\/wp\/v2\/media\/78231"}],"wp:attachment":[{"href":"https:\/\/www.europesays.com\/fr\/wp-json\/wp\/v2\/media?parent=78230"}],"wp:term":[{"taxonomy":"category","embeddable":true,"href":"https:\/\/www.europesays.com\/fr\/wp-json\/wp\/v2\/categories?post=78230"},{"taxonomy":"post_tag","embeddable":true,"href":"https:\/\/www.europesays.com\/fr\/wp-json\/wp\/v2\/tags?post=78230"}],"curies":[{"name":"wp","href":"https:\/\/api.w.org\/{rel}","templated":true}]}}