{"id":78238,"date":"2025-05-06T03:07:11","date_gmt":"2025-05-06T03:07:11","guid":{"rendered":"https:\/\/www.europesays.com\/fr\/78238\/"},"modified":"2025-05-06T03:07:11","modified_gmt":"2025-05-06T03:07:11","slug":"harnes-le-president-du-club-de-volley-sauve-un-jeune-joueur-victime-dun-arret-cardiaque","status":"publish","type":"post","link":"https:\/\/www.europesays.com\/fr\/78238\/","title":{"rendered":"Harnes\u00a0: le pr\u00e9sident du club de volley sauve un jeune joueur victime d&rsquo;un arr\u00eat cardiaque"},"content":{"rendered":"<p>Ce vendredi soir, un jeune joueur de 17 ans s&rsquo;effondre sur le terrain, victime d&rsquo;un arr\u00eat cardiaque. C&rsquo;est le pr\u00e9sident du club, Arnaud Becqueriaux, qui lui a prodigu\u00e9 un massage cardiaque jusqu&rsquo;\u00e0 l&rsquo;arriv\u00e9e des pompiers. <\/p>\n<p>C&rsquo;est un \u00e9v\u00e9nement qui marquera longtemps le club de volley de Harnes. Un jeune joueur de volley a \u00e9t\u00e9 sauv\u00e9 par le pr\u00e9sident du club. <strong>Le sportif de 17 ans s&rsquo;est effondr\u00e9 lors d&rsquo;un entra\u00eenement<\/strong> vendredi soir, victime d&rsquo;un arr\u00eat cardiaque. Il a pu \u00eatre r\u00e9anim\u00e9 gr\u00e2ce \u00e0 la r\u00e9activit\u00e9 du pr\u00e9sident de Harnes Volley Ball. \u00ab\u00a0Je passais sur le terrain et j&rsquo;ai vu un attroupement autour du joueur. Quand je me suis approch\u00e9, je me suis rendu compte qu&rsquo;il est inanim\u00e9 et qu&rsquo;il ventile de moins en moins bien. Il se met en arr\u00eat et je lui prodigue tout de suite les massages\u00a0\u00bb, explique le pr\u00e9sident du club Arnaud\u00a0Becqueriaux.<\/p>\n<p>En parall\u00e8le, le coach de l&rsquo;\u00e9quipe est all\u00e9 chercher le d\u00e9fibrillateur. \u00ab\u00a0Son c\u0153ur s&rsquo;est arr\u00eat\u00e9 deux fois, il a fallu le faire repartir deux fois\u00a0\u00bb, raconte Arnaud Becqueriaux, qui <strong>a fait preuve d&rsquo;un grand sang froid<\/strong>. \u00ab\u00a0Tout le monde est rest\u00e9 tr\u00e8s calme, bien que choqu\u00e9. Chacun a fait ce qu&rsquo;il fallait, dans une grande retenue. Il faut vraiment f\u00e9liciter tout le monde\u00a0\u00bb, poursuit-il.<\/p>\n<p>Le jeune joueur a \u00e9t\u00e9 emmen\u00e9 \u00e0 l&rsquo;h\u00f4pital de Lens. Il va mieux et <strong>n&rsquo;a heureusement aucune s\u00e9quelle.<\/strong><\/p>\n","protected":false},"excerpt":{"rendered":"Ce vendredi soir, un jeune joueur de 17 ans s&rsquo;effondre sur le terrain, victime d&rsquo;un arr\u00eat cardiaque. C&rsquo;est&hellip;\n","protected":false},"author":2,"featured_media":78239,"comment_status":"","ping_status":"","sticky":false,"template":"","format":"standard","meta":{"footnotes":""},"categories":[1417],"tags":[1011,27,60,1470,1469],"class_list":{"0":"post-78238","1":"post","2":"type-post","3":"status-publish","4":"format-standard","5":"has-post-thumbnail","7":"category-volley","8":"tag-fr","9":"tag-france","10":"tag-sports","11":"tag-volley","12":"tag-volleyball"},"share_on_mastodon":{"url":"https:\/\/pubeurope.com\/@fr\/114458685814978287","error":""},"_links":{"self":[{"href":"https:\/\/www.europesays.com\/fr\/wp-json\/wp\/v2\/posts\/78238","targetHints":{"allow":["GET"]}}],"collection":[{"href":"https:\/\/www.europesays.com\/fr\/wp-json\/wp\/v2\/posts"}],"about":[{"href":"https:\/\/www.europesays.com\/fr\/wp-json\/wp\/v2\/types\/post"}],"author":[{"embeddable":true,"href":"https:\/\/www.europesays.com\/fr\/wp-json\/wp\/v2\/users\/2"}],"replies":[{"embeddable":true,"href":"https:\/\/www.europesays.com\/fr\/wp-json\/wp\/v2\/comments?post=78238"}],"version-history":[{"count":0,"href":"https:\/\/www.europesays.com\/fr\/wp-json\/wp\/v2\/posts\/78238\/revisions"}],"wp:featuredmedia":[{"embeddable":true,"href":"https:\/\/www.europesays.com\/fr\/wp-json\/wp\/v2\/media\/78239"}],"wp:attachment":[{"href":"https:\/\/www.europesays.com\/fr\/wp-json\/wp\/v2\/media?parent=78238"}],"wp:term":[{"taxonomy":"category","embeddable":true,"href":"https:\/\/www.europesays.com\/fr\/wp-json\/wp\/v2\/categories?post=78238"},{"taxonomy":"post_tag","embeddable":true,"href":"https:\/\/www.europesays.com\/fr\/wp-json\/wp\/v2\/tags?post=78238"}],"curies":[{"name":"wp","href":"https:\/\/api.w.org\/{rel}","templated":true}]}}