{"id":78258,"date":"2025-05-06T03:18:18","date_gmt":"2025-05-06T03:18:18","guid":{"rendered":"https:\/\/www.europesays.com\/fr\/78258\/"},"modified":"2025-05-06T03:18:18","modified_gmt":"2025-05-06T03:18:18","slug":"du-favoritisme-dans-lemission-aucune-information-nest-transmise","status":"publish","type":"post","link":"https:\/\/www.europesays.com\/fr\/78258\/","title":{"rendered":"du favoritisme dans l&rsquo;\u00e9mission ? \u00ab\u00a0Aucune information n&rsquo;est transmise\u00a0\u00bb"},"content":{"rendered":"<p>La nouvelle saison de Koh-Lanta, baptis\u00e9e <a href=\"https:\/\/www.melty.fr\/tele\/koh-lanta-2025-jerome-evoque-son-quotidien-depuis-sa-participation-je-me-fais-chambrer-2226838.html\" rel=\"nofollow noopener\" target=\"_blank\"><br \/>\nLa Revanche des 4 Terres<\/a>, a marqu\u00e9 le retour d\u2019un<br \/>\nconcept qui a d\u00e9j\u00e0 s\u00e9duit les t\u00e9l\u00e9spectateurs en 2020. Cette 27e<br \/>\n\u00e9dition, diffus\u00e9e sur TF1 depuis le 25 f\u00e9vrier 2025, a r\u00e9serv\u00e9 de<br \/>\nnombreux rebondissements. La comp\u00e9tition acharn\u00e9e et les nouveaut\u00e9s<br \/>\npropos\u00e9es pimentent le format classique du jeu d\u2019aventure.<br \/>\nL\u2019aventure se d\u00e9roule aux Philippines, sur la p\u00e9ninsule de<br \/>\nCaramoan, <strong>un d\u00e9cor sauvage et paradisiaque<\/strong> qui met<br \/>\n\u00e0 rude \u00e9preuve la r\u00e9sistance physique et mentale des candidats<\/p>\n<p>Comme lors de la premi\u00e8re \u00e9dition des 4 Terres, les 24 candidats<br \/>\nont \u00e9t\u00e9 r\u00e9partis en quatre \u00e9quipes de six. Chacune repr\u00e9sentait une<br \/>\ngrande r\u00e9gion de France : Nord, Sud, Est et Ouest. Cette division<br \/>\nr\u00e9gionale a renforc\u00e9<strong>\u00a0l\u2019esprit de comp\u00e9tition<\/strong><br \/>\net les enjeux identitaires, chaque \u00e9quipe d\u00e9fendant fi\u00e8rement ses<br \/>\ncouleurs.<\/p>\n<p>Adrien r\u00e9int\u00e8gre l\u00a0\u00bbaventure Koh-Lanta<\/p>\n<p>Si l&rsquo;aventure poursuit son cours, <a href=\"https:\/\/www.melty.fr\/tele\/koh-lanta-que-mangent-les-candidats-a-linfirmerie-la-production-repond-il-ny-a-pas-de-regle-absolue-2228397.html\" rel=\"nofollow noopener\" target=\"_blank\"><br \/>\nle dernier \u00e9pisode de Koh-Lanta<\/a> suscit\u00e9 de nombreuses<br \/>\ninterrogations chez les t\u00e9l\u00e9spectateurs. Suite \u00e0 la suite de la<br \/>\nblessure de Fr\u00e9d\u00e9ric, c\u2019est Maxime, et non Adrien, qui a r\u00e9int\u00e9gr\u00e9<br \/>\nl\u2019aventure. Ce choix, <strong>contraire \u00e0 la r\u00e8gle<br \/>\nhabituelle<\/strong>, a relanc\u00e9 les soup\u00e7ons de favoritisme en<br \/>\ncoulisses. Mais s\u2019est-il r\u00e9ellement pass\u00e9 ?<\/p>\n<p>Traditionnellement, lorsqu\u2019un aventurier doit quitter le jeu<br \/>\nd&rsquo;aventure sur blessure, c\u2019est <strong>le dernier \u00e9limin\u00e9 qui<br \/>\nreprend sa place.<\/strong> En l\u2019occurrence, Adrien, \u00e9limin\u00e9 la<br \/>\nsemaine pr\u00e9c\u00e9dente lors d\u2019un tirage au sort, \u00e9tait le candidat<br \/>\nattendu pour remplacer Fr\u00e9d\u00e9ric. Pourtant, \u00e0 la surprise g\u00e9n\u00e9rale,<br \/>\nc\u2019est Maxime, \u00e9limin\u00e9 deux semaines plus t\u00f4t, qui a fait son retour<br \/>\ndans le jeu.<\/p>\n<p>La r\u00e9ponse officielle de la production<\/p>\n<p>Face aux rumeurs de favoritisme, la production a rapidement<br \/>\nr\u00e9agi. Selon elle, <a href=\"https:\/\/www.melty.fr\/tele\/koh-lanta-2025-qui-a-ete-elimine-ce-mardi-8-avril-sur-tf1-2226946.html\" rel=\"nofollow noopener\" target=\"_blank\"><br \/>\nchaque candidat \u00e9limin\u00e9<\/a> passe une visite m\u00e9dicale imm\u00e9diatement<br \/>\napr\u00e8s sa sortie, puis une seconde avant un \u00e9ventuel retour ou son<br \/>\nrapatriement en France. \u00ab\u00a0Chaque aventurier <strong>passe une<br \/>\nvisite m\u00e9dicale<\/strong> imm\u00e9diatement apr\u00e8s la sortie de<br \/>\nl&rsquo;aventure, et une seconde avant son retour en France et\/ou une<br \/>\nr\u00e9int\u00e9gration potentielle dans l&rsquo;aventure\u00a0\u00bb, a expliqu\u00e9 la<br \/>\nproduction aupr\u00e8s de T\u00e9l\u00e9-Loisirs.<\/p>\n<p>Cependant, concernant Adrien, <strong>\u00ab\u00a0une<br \/>\ncontre-indication<\/strong> nous a \u00e9t\u00e9 donn\u00e9e\u00a0\u00bb. Mais aucune<br \/>\npr\u00e9cision n&rsquo;a \u00e9t\u00e9 apport\u00e9e. \u00ab\u00a0Comme ce sont des informations<br \/>\nrelevant du secret m\u00e9dical, aucune information sur la ou les<br \/>\ncontre-indications n&rsquo;est transmise \u00e0 la production\u00a0\u00bb, a-t-il \u00e9t\u00e9<br \/>\nsimplement mentionn\u00e9.<\/p>\n<p>Pas de favoritisme selon la<br \/>\nproduction<\/p>\n<p>La production a insist\u00e9 sur le fait qu&rsquo;il n&rsquo;y a eu <strong>aucun<br \/>\npasse-droit ou choix arbitraire.<\/strong> Le retour de Maxime<br \/>\ns\u2019explique uniquement par l\u2019incapacit\u00e9 m\u00e9dicale d\u2019Adrien \u00e0<br \/>\nreprendre le jeu. Ce cas de figure est d\u2019ailleurs in\u00e9dit dans<br \/>\nl\u2019histoire de l\u2019\u00e9mission, et ni Fr\u00e9d\u00e9ric ni Adrien ne participeront<br \/>\nau jury final, une premi\u00e8re pour Koh-Lanta.<\/p>\n<p>Si cette d\u00e9cision a <strong>pu d\u00e9cevoir Adrien,<\/strong> qui<br \/>\nesp\u00e9rait une seconde chance, et surprendre les fans, elle s\u2019inscrit<br \/>\ndans le strict respect du protocole m\u00e9dical. Maxime, de son c\u00f4t\u00e9, a<br \/>\npleinement saisi l\u2019opportunit\u00e9 de son retour, jouant un r\u00f4le<br \/>\nstrat\u00e9gique d\u00e9terminant d\u00e8s sa r\u00e9int\u00e9gration. Dans les colonnes de<br \/>\nT\u00e9l\u00e9-Loisirs, il \u00e9tait aussi revenu sur sa d\u00e9cision d&rsquo;\u00e9liminer<br \/>\nLouise : \u00ab\u00a0Je mentirais si je disais oui.\u00a0Je n&rsquo;ai pas<br \/>\nregrett\u00e9 cette d\u00e9cision. C&rsquo;est \u0153il pour \u0153il, dent pour dent. M\u00eame<br \/>\nsi aujourd&rsquo;hui, j&rsquo;appr\u00e9cie \u00e9norm\u00e9ment Louise, c&rsquo;est vraiment une<br \/>\ngentille fille\u00a0\u00bb, a-t-il conclu.<\/p>\n","protected":false},"excerpt":{"rendered":"La nouvelle saison de Koh-Lanta, baptis\u00e9e La Revanche des 4 Terres, a marqu\u00e9 le retour d\u2019un concept qui&hellip;\n","protected":false},"author":2,"featured_media":78259,"comment_status":"","ping_status":"","sticky":false,"template":"","format":"standard","meta":{"footnotes":""},"categories":[1356],"tags":[905,58,59,1011,27,9379,252,1364],"class_list":{"0":"post-78258","1":"post","2":"type-post","3":"status-publish","4":"format-standard","5":"has-post-thumbnail","7":"category-television","8":"tag-a-la-une-melty","9":"tag-divertissement","10":"tag-entertainment","11":"tag-fr","12":"tag-france","13":"tag-koh-lanta-2025-la-revanche-des-4-terres","14":"tag-television","15":"tag-tv"},"share_on_mastodon":{"url":"https:\/\/pubeurope.com\/@fr\/114458729118083953","error":""},"_links":{"self":[{"href":"https:\/\/www.europesays.com\/fr\/wp-json\/wp\/v2\/posts\/78258","targetHints":{"allow":["GET"]}}],"collection":[{"href":"https:\/\/www.europesays.com\/fr\/wp-json\/wp\/v2\/posts"}],"about":[{"href":"https:\/\/www.europesays.com\/fr\/wp-json\/wp\/v2\/types\/post"}],"author":[{"embeddable":true,"href":"https:\/\/www.europesays.com\/fr\/wp-json\/wp\/v2\/users\/2"}],"replies":[{"embeddable":true,"href":"https:\/\/www.europesays.com\/fr\/wp-json\/wp\/v2\/comments?post=78258"}],"version-history":[{"count":0,"href":"https:\/\/www.europesays.com\/fr\/wp-json\/wp\/v2\/posts\/78258\/revisions"}],"wp:featuredmedia":[{"embeddable":true,"href":"https:\/\/www.europesays.com\/fr\/wp-json\/wp\/v2\/media\/78259"}],"wp:attachment":[{"href":"https:\/\/www.europesays.com\/fr\/wp-json\/wp\/v2\/media?parent=78258"}],"wp:term":[{"taxonomy":"category","embeddable":true,"href":"https:\/\/www.europesays.com\/fr\/wp-json\/wp\/v2\/categories?post=78258"},{"taxonomy":"post_tag","embeddable":true,"href":"https:\/\/www.europesays.com\/fr\/wp-json\/wp\/v2\/tags?post=78258"}],"curies":[{"name":"wp","href":"https:\/\/api.w.org\/{rel}","templated":true}]}}