{"id":78270,"date":"2025-05-06T03:24:17","date_gmt":"2025-05-06T03:24:17","guid":{"rendered":"https:\/\/www.europesays.com\/fr\/78270\/"},"modified":"2025-05-06T03:24:17","modified_gmt":"2025-05-06T03:24:17","slug":"back-market-baisse-les-prix-des-tablettes-apple","status":"publish","type":"post","link":"https:\/\/www.europesays.com\/fr\/78270\/","title":{"rendered":"Back Market baisse les prix des tablettes Apple"},"content":{"rendered":"<p>Et si vous votre future tablette \u00e9tait un iPad reconditionn\u00e9 ? Pendant une semaine, Back Market affiche de belles remises sur une large s\u00e9lection de tablettes Apple.<\/p>\n<p><a href=\"https:\/\/images.frandroid.com\/wp-content\/uploads\/2024\/05\/apple-ipad-air-m2-2024-11-scaled.jpg\" target=\"_blank\" class=\"article-content__figure\" rel=\"noopener\"><img fetchpriority=\"high\" decoding=\"async\" loading=\"eager\" width=\"1200\" height=\"800\" src=\"https:\/\/www.europesays.com\/fr\/wp-content\/uploads\/2025\/05\/apple-ipad-air-m2-2024-11-1200x800-1.jpg\" alt=\"\" class=\"wp-image-2027656 wp-image wp-image\"  \/><\/a>L\u2019iPad Air M2 (2024) \/\/ Source : Chlo\u00e9 Pertuis pour Frandroid<\/p>\n<p>La qualit\u00e9 Apple a un prix. Il faut compter entre 409 et plus de 1500 euros pour s\u2019offrir un iPad neuf sur le site de la marque \u00e0 la pomme. Par chance, il existe une solution pour acc\u00e9der au meilleur de la firme de Cupertino sans en payer le prix fort : le reconditionn\u00e9.\u00a0<\/p>\n<p>La marque proposant jusqu\u2019\u00e0 6 ans de mises \u00e0 jour sur ses tablettes, les iPad de 2022 ainsi que les mod\u00e8les plus r\u00e9cents sont parfaitement taill\u00e9s pour le march\u00e9 du reconditionn\u00e9. Pr\u00eat \u00e0 passer le cap ? C\u2019est le moment parfait, Back Market mettant jusqu\u2019au 9 mai les iPad \u00e0 l\u2019honneur et les rendant plus accessibles que jamais :\u00a0<\/p>\n<p>Tous ces mod\u00e8les sont propos\u00e9s en parfait \u00e9tat ou dans un grade Premium sur Back Market, ce label \u00e9tant gage d\u2019un \u00e9cran impeccable, de pi\u00e8ces d\u2019origine et d\u2019une batterie \u00e0 90\u00a0% minimum de sa capacit\u00e9.\u00a0\u00a0<\/p>\n<p>iPad Pro 12.9 (2022) : une tablette haut de gamme \u00e0 prix doux<\/p>\n<p>Sorti en octobre 2022, l<a href=\"https:\/\/www.frandroid.com\/produits\/tablettes-tactiles\/apple\/1511308-apple-ipad-pro-12-9-m2#js-technical-specs-list\" target=\"_blank\" rel=\"noreferrer noopener\">\u2019iPad Pro 12.9<\/a> s\u2019impose toujours comme une r\u00e9f\u00e9rence sur le march\u00e9 des tablettes. Et pour cause, propuls\u00e9 par la puissante puce Apple M2, celle-l\u00e0 m\u00eame qui \u00e9quipe les MacBook Air de 2023, l\u2019iPad Pro 12.9 offre un haut niveau de performances. Il peut ainsi faire tourner les applications les plus exigeantes de graphisme ou de montage vid\u00e9o.\u00a0<\/p>\n<p><a href=\"https:\/\/images.frandroid.com\/wp-content\/uploads\/2022\/10\/apple-ipad-pro-magic-keyboard-m2-hero-2up-221018.jpg\" target=\"_blank\" class=\"article-content__figure\" rel=\"noopener\"><img loading=\"lazy\" decoding=\"async\" width=\"1200\" height=\"800\" src=\"https:\/\/www.europesays.com\/fr\/wp-content\/uploads\/2025\/05\/apple-ipad-pro-magic-keyboard-m2-hero-2up-221018-1200x800.jpg\" alt=\"\" class=\"wp-image-1511522 wp-image\"  \/><\/a>iPad Pro M2 \/\/ Source : Apple<\/p>\n<p>Son \u00e9cran mini-LED Liquid Retina XDR de 12,9 pouces affichant une d\u00e9finition de 2732 x 2048 pixels offre en prime un r\u00e9el confort \u00e0 l\u2019usage. La fluidit\u00e9 est \u00e9galement de mise lors, la dalle rafra\u00eechissant l\u2019image jusqu\u2019en 120 Hz. Pour communiquer avec vos proches et coll\u00e8gues lors de vos d\u00e9placements, vous pouvez par ailleurs compter sur sa webcam de 12 m\u00e9gapixels.<\/p>\n<p>Cette tablette polyvalente b\u00e9n\u00e9ficie en prime d\u2019une belle autonomie de 10 heures, et peut donc vous accompagner tout au long de la journ\u00e9e.\u00a0<\/p>\n<p>Officialis\u00e9e en 2022 \u00e0 1069 euros, cette tablette haut de gamme est actuellement disponible chez Back Market <a href=\"https:\/\/shop.frandroid.com\/dcddo7qj\" target=\"_blank\" rel=\"noreferrer noopener affiliate nofollow\">\u00e0 partir de 662 euros<\/a>. C\u2019est la bonne affaire \u00e0 ne pas manquer d\u2019ici au 9 mai.<\/p>\n<p>iPad 10.9 (2022) : une tablette polyvalente \u00e0 emmener partout<\/p>\n<p>Si vous recherchez une tablette plus compacte, l\u2019<a href=\"https:\/\/www.frandroid.com\/produits\/tablettes-tactiles\/apple\/1511304-apple-ipad-10-2022\" target=\"_blank\" rel=\"noreferrer noopener\">iPad 10.9<\/a> lanc\u00e9 en 2022 constitue une <a href=\"https:\/\/www.frandroid.com\/marques\/apple\/1533318_test-apple-ipad-10-tablette-familiale\" target=\"_blank\" rel=\"noreferrer noopener\">bonne alternative<\/a>.\u00a0<\/p>\n<p>\u00c9quip\u00e9 d\u2019un confortable \u00e9cran LCD de 10,9 pouces et propuls\u00e9 par la puce A14 Bionic, ce mod\u00e8le est adapt\u00e9 aussi bien au travail qu\u2019aux loisirs. Une fois coupl\u00e9 \u00e0 un clavier d\u00e9tachable et \u00e0 un stylet tactile, il devient un outil pratique pour prendre des notes, r\u00e9diger des e-mails, des rapports, ou simplement griffonner \u00e0 ses heures perdues.\u00a0<\/p>\n<p><a href=\"https:\/\/images.frandroid.com\/wp-content\/uploads\/2022\/11\/ipad-10-3-1-scaled.jpg\" target=\"_blank\" class=\"article-content__figure\" rel=\"noopener\"><img loading=\"lazy\" decoding=\"async\" width=\"1200\" height=\"800\" src=\"https:\/\/www.europesays.com\/fr\/wp-content\/uploads\/2025\/05\/ipad-10-3-1-1200x800.jpg\" alt=\"L'iPad 10 pour illustration\" class=\"wp-image-1535084 wp-image\"  \/><\/a>L\u2019iPad 10 pour illustration \/\/ Source : Frandroid \u2013 Robin Wycke<\/p>\n<p>Comme l\u2019iPad Pro 12.9, cette tablette b\u00e9n\u00e9ficie d\u2019une cam\u00e9ra frontale de 12 m\u00e9gapixels, id\u00e9ale pour garder le contact avec ses amis ou sa famille m\u00eame en vacances. Et ce n\u2019est pas en mati\u00e8re d\u2019autonomie que le b\u00e2t blesse, l\u2019iPad 10.9 pouvant tenir une journ\u00e9e et demie avec une charge compl\u00e8te.<\/p>\n<p>Jusqu\u2019au 9 mai, l\u2019iPad 10.9 de 2022 est accessible <a href=\"https:\/\/shop.frandroid.com\/zyaw7cii\" target=\"_blank\" rel=\"noreferrer noopener affiliate nofollow\">\u00e0 partir de seulement 298 euros<\/a> sur Back Market, soit le prix d\u2019une tablette d\u2019entr\u00e9e de gamme.<\/p>\n<p>iPad Air (2022) : un concentr\u00e9 de puissance tout en l\u00e9g\u00e8ret\u00e9<\/p>\n<p>L\u2019ann\u00e9e 2022 est un bon cru pour les ardoises de la marque \u00e0 la pomme. En marge des iPad Pro 12.9 et iPad 10.9, Apple a d\u00e9voil\u00e9 cette ann\u00e9e-l\u00e0 son <a href=\"https:\/\/www.frandroid.com\/produits\/tablettes-tactiles\/apple\/1255007-apple-ipad-air-m1-2022\" target=\"_blank\" rel=\"noreferrer noopener\">iPad Air de 5\u1d49 g\u00e9n\u00e9ration<\/a>, un mod\u00e8le qui fait toujours r\u00e9f\u00e9rence en 2025.<\/p>\n<p><a href=\"https:\/\/images.frandroid.com\/wp-content\/uploads\/2022\/04\/ipad-air-m1-5-scaled.jpg\" target=\"_blank\" class=\"article-content__figure\" rel=\"noopener\"><img loading=\"lazy\" decoding=\"async\" width=\"1200\" height=\"800\" src=\"https:\/\/www.europesays.com\/fr\/wp-content\/uploads\/2025\/05\/ipad-air-m1-5-1200x800.jpg\" alt=\"\" class=\"wp-image-1286845 wp-image\"  \/><\/a>L\u2019iPad Air M1 de 2022 ressemble comme deux gouttes d\u2019eau \u00e0 son a\u00een\u00e9 de 2020 \/\/ Source : FRANDROID \u2013 Anthony WONNER<\/p>\n<p>Aussi fin et \u00e9l\u00e9gant soit-il, l\u2019iPad Air 5 a des caract\u00e9ristiques dignes d\u2019une tablette Pro. Rien ne manque \u00e0 l\u2019appel :\u00a0<\/p>\n<ul class=\"wp-block-list\">\n<li>une puce M1 renforc\u00e9e par 8 Go de m\u00e9moire vive pour la performance ;<\/li>\n<li>une autonomie capable d\u2019atteindre deux jours, m\u00eame avec une utilisation intensive ;<\/li>\n<li>une cam\u00e9ra frontale de 12 m\u00e9gapixels avec un champ de vision \u00e0 ultra grand-angle et un recentrage automatique de l\u2019utilisateur lors des appels vid\u00e9o ;<\/li>\n<li>un magnifique \u00e9cran LCD IPS de 10,9 pouces avec un rev\u00eatement anti-reflet, cantonn\u00e9 en revanche \u00e0 60 Hz. <\/li>\n<\/ul>\n<p>Autant de qualit\u00e9s ayant valu \u00e0 l\u2019iPad Air 5 d\u2019obtenir l\u2019excellente <a href=\"https:\/\/www.frandroid.com\/marques\/apple\/1279949_test-ipad-air-m1-2022\" target=\"_blank\" rel=\"noreferrer noopener\">note de 9\/10<\/a> sur Frandroid.<\/p>\n<p>Pour profiter de cette tablette polyvalente \u00e0 moindre co\u00fbt, c\u2019est le moment opportun, Back Market l\u2019affichant <a href=\"https:\/\/shop.frandroid.com\/ydixqour\" target=\"_blank\" rel=\"noreferrer noopener affiliate nofollow\">\u00e0 partir de 380 euros<\/a>.\u00a0<\/p>\n<p>iPad Air M2 13 pouces (2024) : l\u2019une des derni\u00e8res \u00e9ditions \u00e0 prix l\u00e9ger<\/p>\n<p>Si les iPad de 2022 constituent une bonne affaire en mati\u00e8re de reconditionn\u00e9 au regard de leur niveau d\u2019\u00e9quipement et des ann\u00e9es de mises \u00e0 jour encore disponibles, Back Market propose une autre variante incontournable : l\u2019<a href=\"https:\/\/www.frandroid.com\/produits\/tablettes-tactiles\/apple\/2016042-apple-ipad-air-m2-13-2024\" target=\"_blank\" rel=\"noreferrer noopener\">iPad Air 13 pouces M2 de 2024<\/a>.\u00a0<\/p>\n<p><a href=\"https:\/\/images.frandroid.com\/wp-content\/uploads\/2024\/05\/apple-ipad-air-m2-2024-5-scaled.jpg\" target=\"_blank\" class=\"article-content__figure\" rel=\"noopener\"><img loading=\"lazy\" decoding=\"async\" width=\"1200\" height=\"800\" src=\"https:\/\/www.europesays.com\/fr\/wp-content\/uploads\/2025\/05\/apple-ipad-air-m2-2024-5-1200x800.jpg\" alt=\"\" class=\"wp-image-2027644 wp-image\"  \/><\/a>L\u2019iPad Air M2 (2024) \/\/ Source : Chlo\u00e9 Pertuis pour Frandroid<\/p>\n<p>Sortie l\u2019an dernier, cette tablette a de beaux arguments \u00e0 offrir <a href=\"https:\/\/shop.frandroid.com\/cwabn8jv\" target=\"_blank\" rel=\"noreferrer noopener affiliate nofollow\">pour 679 euros<\/a>. D\u00e9j\u00e0, cette version embarque un confortable \u00e9cran de 13 pouces avec une d\u00e9finition de 2732 x 2048 pixels. Parfait pour travailler, regarder des vid\u00e9os en streaming ou appeler ses proches en vid\u00e9o.\u00a0<\/p>\n<p>La firme de Tim Cook a \u00e9galement pens\u00e9 aux gamers et aux professionnels de l\u2019image ayant besoin de compter sur les ressources de l\u2019iPad pour mener \u00e0 bien leurs missions. Avec la puce M2 et une connectivit\u00e9 Wi-Fi 6E, la performance, la r\u00e9activit\u00e9 et la fluidit\u00e9 sont donc au rendez-vous.\u00a0<\/p>\n","protected":false},"excerpt":{"rendered":"Et si vous votre future tablette \u00e9tait un iPad reconditionn\u00e9 ? Pendant une semaine, Back Market affiche de&hellip;\n","protected":false},"author":2,"featured_media":78271,"comment_status":"","ping_status":"","sticky":false,"template":"","format":"standard","meta":{"footnotes":""},"categories":[7],"tags":[18424,18425,1011,27,18426,18427,43,40,41,39,42,44],"class_list":{"0":"post-78270","1":"post","2":"type-post","3":"status-publish","4":"format-standard","5":"has-post-thumbnail","7":"category-sciences-et-technologies","8":"tag-apple-ipad-2022","9":"tag-back-market","10":"tag-fr","11":"tag-france","12":"tag-ipad-air","13":"tag-ipad-pro","14":"tag-science","15":"tag-science-and-technology","16":"tag-sciences","17":"tag-sciences-et-technologies","18":"tag-technologies","19":"tag-technology"},"share_on_mastodon":{"url":"https:\/\/pubeurope.com\/@fr\/114458752812439947","error":""},"_links":{"self":[{"href":"https:\/\/www.europesays.com\/fr\/wp-json\/wp\/v2\/posts\/78270","targetHints":{"allow":["GET"]}}],"collection":[{"href":"https:\/\/www.europesays.com\/fr\/wp-json\/wp\/v2\/posts"}],"about":[{"href":"https:\/\/www.europesays.com\/fr\/wp-json\/wp\/v2\/types\/post"}],"author":[{"embeddable":true,"href":"https:\/\/www.europesays.com\/fr\/wp-json\/wp\/v2\/users\/2"}],"replies":[{"embeddable":true,"href":"https:\/\/www.europesays.com\/fr\/wp-json\/wp\/v2\/comments?post=78270"}],"version-history":[{"count":0,"href":"https:\/\/www.europesays.com\/fr\/wp-json\/wp\/v2\/posts\/78270\/revisions"}],"wp:featuredmedia":[{"embeddable":true,"href":"https:\/\/www.europesays.com\/fr\/wp-json\/wp\/v2\/media\/78271"}],"wp:attachment":[{"href":"https:\/\/www.europesays.com\/fr\/wp-json\/wp\/v2\/media?parent=78270"}],"wp:term":[{"taxonomy":"category","embeddable":true,"href":"https:\/\/www.europesays.com\/fr\/wp-json\/wp\/v2\/categories?post=78270"},{"taxonomy":"post_tag","embeddable":true,"href":"https:\/\/www.europesays.com\/fr\/wp-json\/wp\/v2\/tags?post=78270"}],"curies":[{"name":"wp","href":"https:\/\/api.w.org\/{rel}","templated":true}]}}