{"id":78272,"date":"2025-05-06T03:25:09","date_gmt":"2025-05-06T03:25:09","guid":{"rendered":"https:\/\/www.europesays.com\/fr\/78272\/"},"modified":"2025-05-06T03:25:09","modified_gmt":"2025-05-06T03:25:09","slug":"petrole-la-nouvelle-mue-de-lopep-mediapart","status":"publish","type":"post","link":"https:\/\/www.europesays.com\/fr\/78272\/","title":{"rendered":"P\u00e9trole : la nouvelle mue de l\u2019Opep &#8211; Mediapart"},"content":{"rendered":"<ol>\n<li><a href=\"https:\/\/news.google.com\/rss\/articles\/CBMikAFBVV95cUxPbldMenNDT2ZIcElLUW9lM2dmZzU2TS1kb19xQlJVWGEzYl82cHNMUjZDZ19OMk5LV1FmUEpGd1FxVjY0QlFZeWpIM0YxR1Z0YjhhWGtZOXB3U1ZoUUpaT2hXcktpMGdTcGRkM0F5TjFqQUY2OERzNmV1QUtHVXZBOUJuUEtvZDdrbFVOSjJ4MjE?oc=5\" target=\"_blank\" rel=\"noopener\">P\u00e9trole : la nouvelle mue de l\u2019Opep<\/a>&nbsp;&nbsp;Mediapart<\/li>\n<li><a href=\"https:\/\/news.google.com\/rss\/articles\/CBMijwJBVV95cUxOQ1hTWkR5Um8wSVpPWVk0WTJZU0JheWRHTzlsRXNoTTJkU0ZTV1lPYVNiaWtRa09wY3JWeWlIZlR2Y0plR1BFOFBYa0M4ZHRpSjRONW1qTGFsVnIybmJPb2VEYUVzWmdTUWpsQTJJaUpUdTBuOVZwbWZiTkp2eF8tNUM3N0ZuRHNzdUVKbkVWLWpuUndjZDJYQzlTT0Y4a1ZqSFFiV1RPSkRBZHZlUFM4SmFyaTBtOTU0OWNkR0RIblotMmVqR011VnRGY0tWejV2emlGSlB2UmRUNFBHTjIxVHE4eVphdVVJSmJYMjNtc3FOcGpJRC1BTE5VMm4zUXZoc3dPNDdCTHZpTFFhQy1B?oc=5\" target=\"_blank\" rel=\"noopener\">Vallourec : L&rsquo;Opep+ ouvre les vannes de sa production de p\u00e9trole, les groupes p\u00e9troliers sous pression en Bourse<\/a>&nbsp;&nbsp;BFM Bourse<\/li>\n<li><a href=\"https:\/\/news.google.com\/rss\/articles\/CBMikAJBVV95cUxOdGtKcDY3RjFsS1hCVWZxNDdrQjMtNkh6dXNYRTdGNVdMU3JUZlJzaDUxbU92Z0dJOW84T3l2eGFQaHVhY293QmpmSDNvZkh4V2hQQUNOTVlnbVBiQWtSbGpRTEtNYVA0WlptbG9OT2k5R1ZGcUdYakk0b09STUdCa3pPbElCbE5sODRFT1NfVmRtYURGdktVRTB1a2RGQUlpMFFxSjcxcjVSUG9uakV5aktuTjF3MllMbTVERWxwUXl0UllleXFVSnJwVElBNHJqMFFGVERrTi1DY2piVzZWek1lVzJpQUlma0JjZEVCcVRrNFI4bHZ0YXNaaFBZYUtKT0dVVUxWdmpmRFU0bnVYTQ?oc=5\" target=\"_blank\" rel=\"noopener\">P\u00e9trole : les cours en chute apr\u00e8s l\u2019annonce d\u2019une nouvelle hausse de la production par huit Etats membres de l\u2019OPEP+<\/a>&nbsp;&nbsp;Le Monde.fr<\/li>\n<li><a href=\"https:\/\/news.google.com\/rss\/articles\/CBMisAFBVV95cUxPQWlwb1NwZm1tMlhUQ3BHY3hhQzdFVDdyVFVGV0lzcmREWXRoVTRPMjBtUEhXQ1pCeV9rSnQxcnJBVDVfSjNNdVFLc1Y2bnhpSUdIQ0pOQTNwT0g2ODVUM2dMejh0WkpQV2U0Rkk5d3loU24xdF91ODBBWUdDVW5OcGVJWkVvRUpQN1hxcWtBVFJYMG9jU2NHMmNpVi1wNENSVXhtaUJoS1BiM1pNRFl3aA?oc=5\" target=\"_blank\" rel=\"noopener\">Baisse des prix du p\u00e9trole : alerte \u00e0 la mar\u00e9e noire<\/a>&nbsp;&nbsp;Les Echos<\/li>\n<li><a href=\"https:\/\/news.google.com\/rss\/articles\/CBMiswFBVV95cUxNZlNnYTZNcTFxcjZxanNQVE96RmlrZnZDbFBrVUI4SkE4YThhWlBZRnZXdnpLVklSZlZvMzZVaU96cXkzZlFJV2p1b1NvY3ZKa2JIN2xUQkdaT2RvSHBNb2dxZ3V0Q2lVNUwxZEp2a1dybTVBUzh3NEg1NkRpYTZMLVNnYkNUSWJZb3FubDR6bHctQXprQmszblRjbkRRRWNuV2dDZWh1Smc4dmxNaVpwVGtKYw?oc=5\" target=\"_blank\" rel=\"noopener\">Les cours du p\u00e9trole chutent encore ce lundi<\/a>&nbsp;&nbsp;20 Minutes<\/li>\n<\/ol>\n","protected":false},"excerpt":{"rendered":"P\u00e9trole : la nouvelle mue de l\u2019Opep&nbsp;&nbsp;Mediapart Vallourec : L&rsquo;Opep+ ouvre les vannes de sa production de p\u00e9trole,&hellip;\n","protected":false},"author":2,"featured_media":78273,"comment_status":"","ping_status":"","sticky":false,"template":"","format":"standard","meta":{"footnotes":""},"categories":[6],"tags":[4947,35,309,33,34,4427,73,1011,27,693,2485,844],"class_list":{"0":"post-78272","1":"post","2":"type-post","3":"status-publish","4":"format-standard","5":"has-post-thumbnail","7":"category-economie","8":"tag-arabie-saoudite","9":"tag-business","10":"tag-chine","11":"tag-economie","12":"tag-economy","13":"tag-energies","14":"tag-etats-unis","15":"tag-fr","16":"tag-france","17":"tag-industrie","18":"tag-opep","19":"tag-petrole"},"share_on_mastodon":{"url":"https:\/\/pubeurope.com\/@fr\/114458756644277910","error":""},"_links":{"self":[{"href":"https:\/\/www.europesays.com\/fr\/wp-json\/wp\/v2\/posts\/78272","targetHints":{"allow":["GET"]}}],"collection":[{"href":"https:\/\/www.europesays.com\/fr\/wp-json\/wp\/v2\/posts"}],"about":[{"href":"https:\/\/www.europesays.com\/fr\/wp-json\/wp\/v2\/types\/post"}],"author":[{"embeddable":true,"href":"https:\/\/www.europesays.com\/fr\/wp-json\/wp\/v2\/users\/2"}],"replies":[{"embeddable":true,"href":"https:\/\/www.europesays.com\/fr\/wp-json\/wp\/v2\/comments?post=78272"}],"version-history":[{"count":0,"href":"https:\/\/www.europesays.com\/fr\/wp-json\/wp\/v2\/posts\/78272\/revisions"}],"wp:featuredmedia":[{"embeddable":true,"href":"https:\/\/www.europesays.com\/fr\/wp-json\/wp\/v2\/media\/78273"}],"wp:attachment":[{"href":"https:\/\/www.europesays.com\/fr\/wp-json\/wp\/v2\/media?parent=78272"}],"wp:term":[{"taxonomy":"category","embeddable":true,"href":"https:\/\/www.europesays.com\/fr\/wp-json\/wp\/v2\/categories?post=78272"},{"taxonomy":"post_tag","embeddable":true,"href":"https:\/\/www.europesays.com\/fr\/wp-json\/wp\/v2\/tags?post=78272"}],"curies":[{"name":"wp","href":"https:\/\/api.w.org\/{rel}","templated":true}]}}