{"id":782727,"date":"2026-03-07T20:24:19","date_gmt":"2026-03-07T20:24:19","guid":{"rendered":"https:\/\/www.europesays.com\/fr\/782727\/"},"modified":"2026-03-07T20:24:19","modified_gmt":"2026-03-07T20:24:19","slug":"la-vitesse-limitee-sur-les-routes-des-hauts-de-france-et-dile-de-france-dimanche","status":"publish","type":"post","link":"https:\/\/www.europesays.com\/fr\/782727\/","title":{"rendered":"La vitesse limit\u00e9e sur les routes des Hauts-de-France et d\u2019\u00cele-de-France dimanche"},"content":{"rendered":"<p>La <a href=\"https:\/\/www.20minutes.fr\/planete\/pollution\/\" class=\"c-link c-link--is-underlined\" rel=\"nofollow noopener\" target=\"_blank\">pollution <\/a>aux particules a (encore) des cons\u00e9quences sur la circulation dans le nord du pays. Des limitations de vitesse sur la route sont mises en place \u00e0 partir de ce samedi et dimanche toute la journ\u00e9e dans le <a href=\"https:\/\/www.20minutes.fr\/dossier\/nord\" class=\"c-link c-link--is-underlined\" rel=\"nofollow noopener\" target=\"_blank\">Nord<\/a>, le <a href=\"https:\/\/www.20minutes.fr\/dossier\/pas-de-calais\" class=\"c-link c-link--is-underlined\" rel=\"nofollow noopener\" target=\"_blank\">Pas-de-Calais<\/a>, l\u2019<a href=\"https:\/\/www.20minutes.fr\/societe\/oise\/\" class=\"c-link c-link--is-underlined\" rel=\"nofollow noopener\" target=\"_blank\">Oise<\/a> et la <a href=\"https:\/\/www.20minutes.fr\/dossier\/somme\" class=\"c-link c-link--is-underlined\" rel=\"nofollow noopener\" target=\"_blank\">Somme<\/a>, en raison d\u2019un \u00e9pisode persistant de pollution aux particules PM10.<\/p>\n<p>De ce samedi\u00a018 heures \u00e0 dimanche 23h59, la vitesse maximale autoris\u00e9e est r\u00e9duite \u00e0 110\u00a0km\/h sur les portions d\u2019<a href=\"https:\/\/www.20minutes.fr\/dossier\/autoroute\" class=\"c-link c-link--is-underlined\" rel=\"nofollow noopener\" target=\"_blank\">autoroutes<\/a> normalement limit\u00e9es \u00e0 130\u00a0km\/h, et \u00e0 90\u00a0km\/h sur les portions d\u2019autoroutes, routes nationales et d\u00e9partementales normalement limit\u00e9es \u00e0 110\u00a0km\/h, selon un communiqu\u00e9 de la pr\u00e9fecture des <a href=\"https:\/\/www.20minutes.fr\/lille\/hauts-france\/\" class=\"c-link c-link--is-underlined\" rel=\"nofollow noopener\" target=\"_blank\">Hauts-de-France<\/a>. La vitesse maximale autoris\u00e9e est r\u00e9duite \u00e0 80\u00a0km\/h pour les poids lourds de plus de 3,5 tonnes.<\/p>\n<p>Des masses d\u2019air de l\u2019Est et les poussi\u00e8res du Sahara responsables<\/p>\n<p>Ces mesures visent \u00e0 \u00ab\u00a0r\u00e9duire les \u00e9missions de polluants dans l\u2019atmosph\u00e8re et \u00e0 en limiter les effets sur la sant\u00e9 humaine et l\u2019environnement\u00a0\u00bb, pr\u00e9cise la pr\u00e9fecture. Selon l\u2019organisme de surveillance de la qualit\u00e9 de l\u2019air Atmo Hauts-de-France, cet \u00e9pisode de <a href=\"https:\/\/www.20minutes.fr\/dossier\/pollution_de_l_air\" class=\"c-link c-link--is-underlined\" rel=\"nofollow noopener\" target=\"_blank\">pollution <\/a>s\u2019explique, \u00ab\u00a0en plus des \u00e9missions de notre territoire\u00a0\u00bb, par \u00ab\u00a0une arriv\u00e9e de masses d\u2019air charg\u00e9es en particules provenant de l\u2019est de l\u2019Europe, ainsi que de <a href=\"https:\/\/www.20minutes.fr\/planete\/4204286-20260303-nuage-sable-sahara-survole-france-semaine-consequences-meteo-sante\" target=\"_blank\" class=\"c-link c-link--is-underlined\" rel=\"nofollow noopener\">poussi\u00e8res du Sahara<\/a>\u00a0\u00bb pr\u00e9sentes depuis vendredi.<\/p>\n<p>Les conditions m\u00e9t\u00e9orologiques actuelles \u2013 vents faibles, temp\u00e9ratures sup\u00e9rieures aux normales de saison, pr\u00e9sence de brouillard dense \u2013 ne permettent pas une bonne dispersion des polluants dans l\u2019air et favorisent la formation de particules secondaires, ajoute Atmo Hauts-de-France.<\/p>\n<p>M\u00eames consignes en Ile-de-France pour dimanche<\/p>\n<p>En <a href=\"https:\/\/www.20minutes.fr\/dossier\/ile-de-france\" class=\"c-link c-link--is-underlined\" rel=\"nofollow noopener\" target=\"_blank\">\u00cele-de-France<\/a>, les autorit\u00e9s ont pris des mesures de restriction de la circulation routi\u00e8re pour dimanche, a annonc\u00e9 ce samedi le pr\u00e9fet de police de Paris, Patrick Faure, dans un communiqu\u00e9. La pr\u00e9fecture de police recommande de limiter les d\u00e9placements en voiture et, en cas de n\u00e9cessit\u00e9, de pratiquer le <a href=\"https:\/\/www.20minutes.fr\/dossier\/covoiturage\" class=\"c-link c-link--is-underlined\" rel=\"nofollow noopener\" target=\"_blank\">covoiturage<\/a>.<\/p>\n<p>Dimanche, entre 05h30 et minuit, la vitesse maximale autoris\u00e9e sera abaiss\u00e9e sous les 110\u00a0km\/h sur les portions d\u2019autoroutes normalement limit\u00e9es \u00e0 130, sous les 90\u00a0km\/h sur les portions d\u2019autoroutes et de voies rapides normalement limit\u00e9es \u00e0 110 et en dessous des 70\u00a0km\/h sur celles normalement limit\u00e9es \u00e0 90, ainsi que sur les nationales et d\u00e9partementales limit\u00e9es \u00e0 80 ou \u00e0 90.<\/p>\n<p>Il s\u2019agit de r\u00e9duire les \u00e9missions de polluants dans l\u2019atmosph\u00e8re, dimanche, car l\u2019association de surveillance de la qualit\u00e9 de l\u2019air dans la r\u00e9gion, <a href=\"https:\/\/www.20minutes.fr\/dossier\/airparif\" class=\"c-link c-link--is-underlined\" rel=\"nofollow noopener\" target=\"_blank\">Airparif<\/a>, pr\u00e9voit un d\u00e9passement du seuil d\u2019information-recommandation fix\u00e9 \u00e0 50\u00a0\u00b5g\/m\u00b3. Sur son site, Airparif souligne que les diff\u00e9rentes politiques mises en \u0153uvre \u00ab\u00a0ont d\u00e9j\u00e0 permis de r\u00e9duire de pr\u00e8s de moiti\u00e9 les niveaux de particules fines et d\u2019oxydes d\u2019azote en \u00cele-de-France au cours des vingt derni\u00e8res ann\u00e9es\u00a0\u00bb, mais que la pollution de l\u2019air \u00ab\u00a0reste responsable d\u2019environ 8.000 d\u00e9c\u00e8s pr\u00e9matur\u00e9s chaque ann\u00e9e\u00a0\u00bb dans la r\u00e9gion.<\/p>\n","protected":false},"excerpt":{"rendered":"La pollution aux particules a (encore) des cons\u00e9quences sur la circulation dans le nord du pays. Des limitations&hellip;\n","protected":false},"author":2,"featured_media":782728,"comment_status":"","ping_status":"","sticky":false,"template":"","format":"standard","meta":{"footnotes":"","_share_on_mastodon":"0"},"categories":[1592],"tags":[1111,11,26833,3542,436,1777,674,1011,27,811,662,12,1308,1309,1940,626,23862,812,52,1800,5170,25,1941],"class_list":["post-782727","post","type-post","status-publish","format-standard","has-post-thumbnail","category-ile-de-france","tag-actu","tag-actualites","tag-airparif","tag-circulation","tag-environnement","tag-eu","tag-europe","tag-fr","tag-france","tag-hauts-de-france","tag-ile-de-france","tag-news","tag-nord","tag-nord-pas-de-calais","tag-oise","tag-paris","tag-pas-de-calais","tag-picardie","tag-planete","tag-pollution","tag-pollution-de-lair","tag-republique-francaise","tag-somme"],"share_on_mastodon":{"url":"https:\/\/pubeurope.com\/@fr\/116189768337869237","error":""},"_links":{"self":[{"href":"https:\/\/www.europesays.com\/fr\/wp-json\/wp\/v2\/posts\/782727","targetHints":{"allow":["GET"]}}],"collection":[{"href":"https:\/\/www.europesays.com\/fr\/wp-json\/wp\/v2\/posts"}],"about":[{"href":"https:\/\/www.europesays.com\/fr\/wp-json\/wp\/v2\/types\/post"}],"author":[{"embeddable":true,"href":"https:\/\/www.europesays.com\/fr\/wp-json\/wp\/v2\/users\/2"}],"replies":[{"embeddable":true,"href":"https:\/\/www.europesays.com\/fr\/wp-json\/wp\/v2\/comments?post=782727"}],"version-history":[{"count":0,"href":"https:\/\/www.europesays.com\/fr\/wp-json\/wp\/v2\/posts\/782727\/revisions"}],"wp:featuredmedia":[{"embeddable":true,"href":"https:\/\/www.europesays.com\/fr\/wp-json\/wp\/v2\/media\/782728"}],"wp:attachment":[{"href":"https:\/\/www.europesays.com\/fr\/wp-json\/wp\/v2\/media?parent=782727"}],"wp:term":[{"taxonomy":"category","embeddable":true,"href":"https:\/\/www.europesays.com\/fr\/wp-json\/wp\/v2\/categories?post=782727"},{"taxonomy":"post_tag","embeddable":true,"href":"https:\/\/www.europesays.com\/fr\/wp-json\/wp\/v2\/tags?post=782727"}],"curies":[{"name":"wp","href":"https:\/\/api.w.org\/{rel}","templated":true}]}}