{"id":782803,"date":"2026-03-07T21:16:24","date_gmt":"2026-03-07T21:16:24","guid":{"rendered":"https:\/\/www.europesays.com\/fr\/782803\/"},"modified":"2026-03-07T21:16:24","modified_gmt":"2026-03-07T21:16:24","slug":"dans-un-joyeux-vacarme-la-troupe-baro-devel-questionne-lavenir-de-lhumanite","status":"publish","type":"post","link":"https:\/\/www.europesays.com\/fr\/782803\/","title":{"rendered":"Dans un joyeux vacarme, la troupe Baro d\u2019Evel questionne l\u2019avenir de l\u2019humanit\u00e9"},"content":{"rendered":"<p>Personne ne viendra nous sauver, mais on n\u2019a pas dit notre dernier mot\u00a0!\u00a0On sort galvanis\u00e9 du spectacle \u00ab\u00a0Qui som\u00a0?\u00a0\u00bb de la compagnie Baro d\u2019Evel, pr\u00e9sent\u00e9 sur la sc\u00e8ne du Th\u00e9\u00e2tre national de Bretagne \u00e0 Rennes jusqu\u2019au 13\u00a0mars. Durant deux heures, l\u2019espi\u00e8gle troupe de circassiens, nous embarque entre burlesque et trag\u00e9die pour nous questionner sur notre condition d\u2019humain dans un monde en d\u00e9liquescence.<\/p>\n<p>Tout semblait si bien ordonn\u00e9, avant qu\u2019un des protagonistes ne casse l\u2019une des vasques soigneusement align\u00e9es. \u00c0 la h\u00e2te, il tente d\u2019en fabriquer une. Elle est diff\u00e9rente des autres. Et alors\u00a0? Cette vasque qui se brise, c\u2019est le petit grain de sable, dans un monde qui ne va plus tr\u00e8s bien, o\u00f9 ses habitants tentent vaille que vaille de tenir debout, comme ces artistes qui essaient de s\u2019accrocher les uns aux autres sur un sol totalement glissant.<\/p>\n<p>\t<img decoding=\"async\" src=\"https:\/\/www.europesays.com\/fr\/wp-content\/uploads\/2026\/03\/P35787582D7221701G_px_640_.jpg\" alt=\"photo les artistes virtuoses de baro d\u2019evel.  \u00a9  ouest-france\" width=\"640\" title=\" Les artistes virtuoses de Baro d\u2019Evel.   Ouest-France \" loading=\"lazy\"\/><\/p>\n<p class=\"elmt-legende\"> Les artistes virtuoses de Baro d\u2019Evel.   Ouest-France <\/p>\n<p>Comment traverser toute cette incertitude. Baro d\u2019Evel propose la danse, le cirque, le th\u00e9\u00e2tre, le chant, la m\u00e9tamorphose\u2026 Au fil des tableaux qui font alterner fantaisie, po\u00e9sie et spectaculaire, on rit, on s\u2019\u00e9meut, on s\u2019inqui\u00e8te. Comme quand cette colline se transforme, ondule et gronde comme une mer d\u00e9cha\u00een\u00e9e, engloutit les corps, et rejette des montagnes de d\u00e9chets plastiques. Le beau, quand on ne voit plus rien, on ne pense plus qu\u2019\u00e0 \u00e7a\u00a0!\u00a0C\u2019est en fanfare, que le spectacle s\u2019ach\u00e8ve, une ode \u00e0 la f\u00eate, dans les coursives du th\u00e9\u00e2tre, comme pour nous r\u00e9veiller.<\/p>\n<p>Jusqu\u2019au 13\u00a0mars 2026, au TNB \u00e0 Rennes, <a href=\"https:\/\/www.t-n-b.fr\/\" target=\"_self\" rel=\"nofollow noopener\">www.t-n-b.fr <\/a>et du 17 au 22\u00a0juin 2026 \u00e0 Nantes.<\/p>\n<p>\u00a0<\/p>\n","protected":false},"excerpt":{"rendered":"Personne ne viendra nous sauver, mais on n\u2019a pas dit notre dernier mot\u00a0!\u00a0On sort galvanis\u00e9 du spectacle \u00ab\u00a0Qui&hellip;\n","protected":false},"author":2,"featured_media":782804,"comment_status":"","ping_status":"","sticky":false,"template":"","format":"standard","meta":{"footnotes":"","_share_on_mastodon":"0"},"categories":[2821],"tags":[1111,11,3232,86376,829,1777,674,86377,1011,27,67629,74987,12,86378,584,25,17583,68390],"class_list":["post-782803","post","type-post","status-publish","format-standard","has-post-thumbnail","category-rennes","tag-actu","tag-actualites","tag-avenir","tag-baro","tag-bretagne","tag-eu","tag-europe","tag-evel","tag-fr","tag-france","tag-humanite","tag-joyeux","tag-news","tag-questionne","tag-rennes","tag-republique-francaise","tag-troupe","tag-vacarme"],"share_on_mastodon":{"url":"https:\/\/pubeurope.com\/@fr\/116189972904990863","error":""},"_links":{"self":[{"href":"https:\/\/www.europesays.com\/fr\/wp-json\/wp\/v2\/posts\/782803","targetHints":{"allow":["GET"]}}],"collection":[{"href":"https:\/\/www.europesays.com\/fr\/wp-json\/wp\/v2\/posts"}],"about":[{"href":"https:\/\/www.europesays.com\/fr\/wp-json\/wp\/v2\/types\/post"}],"author":[{"embeddable":true,"href":"https:\/\/www.europesays.com\/fr\/wp-json\/wp\/v2\/users\/2"}],"replies":[{"embeddable":true,"href":"https:\/\/www.europesays.com\/fr\/wp-json\/wp\/v2\/comments?post=782803"}],"version-history":[{"count":0,"href":"https:\/\/www.europesays.com\/fr\/wp-json\/wp\/v2\/posts\/782803\/revisions"}],"wp:featuredmedia":[{"embeddable":true,"href":"https:\/\/www.europesays.com\/fr\/wp-json\/wp\/v2\/media\/782804"}],"wp:attachment":[{"href":"https:\/\/www.europesays.com\/fr\/wp-json\/wp\/v2\/media?parent=782803"}],"wp:term":[{"taxonomy":"category","embeddable":true,"href":"https:\/\/www.europesays.com\/fr\/wp-json\/wp\/v2\/categories?post=782803"},{"taxonomy":"post_tag","embeddable":true,"href":"https:\/\/www.europesays.com\/fr\/wp-json\/wp\/v2\/tags?post=782803"}],"curies":[{"name":"wp","href":"https:\/\/api.w.org\/{rel}","templated":true}]}}