{"id":78294,"date":"2025-05-06T03:36:20","date_gmt":"2025-05-06T03:36:20","guid":{"rendered":"https:\/\/www.europesays.com\/fr\/78294\/"},"modified":"2025-05-06T03:36:20","modified_gmt":"2025-05-06T03:36:20","slug":"un-etablissement-ferme-pour-vente-illicite-de-tabac","status":"publish","type":"post","link":"https:\/\/www.europesays.com\/fr\/78294\/","title":{"rendered":"un \u00e9tablissement ferm\u00e9 pour vente illicite de tabac"},"content":{"rendered":"<p>\n\t\t\t\t\tLe pr\u00e9fet de l&rsquo;H\u00e9rault a prononc\u00e9, ce lundi 5 mai, la fermeture administrative d&rsquo;un \u00e9tablissement situ\u00e9 \u00e0 Montpellier pour vente illicite de tabac.\t\t\t\t<\/p>\n<p>\n\t\t\t\t\t\t\t\t\t\u00a9 Pr\u00e9fet de l\u2019H\u00e9rault. Une nouvelle fermeture administrative.\t\t\t\t\t\t\t\t<\/p>\n<p>L\u2019\u00e9tablissement \u00ab\u00a0La Notte\u00a0\u00bb, situ\u00e9 rue d\u2019Alger \u00e0 Montpellier, ferme ses portes pendant un mois. Le pr\u00e9fet de l\u2019H\u00e9rault a prononc\u00e9 la fermeture administrative du commerce pour vente illicite de tabac.<\/p>\n","protected":false},"excerpt":{"rendered":"Le pr\u00e9fet de l&rsquo;H\u00e9rault a prononc\u00e9, ce lundi 5 mai, la fermeture administrative d&rsquo;un \u00e9tablissement situ\u00e9 \u00e0 Montpellier&hellip;\n","protected":false},"author":2,"featured_media":78295,"comment_status":"","ping_status":"","sticky":false,"template":"","format":"standard","meta":{"footnotes":""},"categories":[9599],"tags":[1111,11,1777,674,13624,1011,27,2208,12,2680,25],"class_list":{"0":"post-78294","1":"post","2":"type-post","3":"status-publish","4":"format-standard","5":"has-post-thumbnail","7":"category-montpellier","8":"tag-actu","9":"tag-actualites","10":"tag-eu","11":"tag-europe","12":"tag-fermeture-administrative","13":"tag-fr","14":"tag-france","15":"tag-montpellier","16":"tag-news","17":"tag-occitanie","18":"tag-republique-francaise"},"share_on_mastodon":{"url":"https:\/\/pubeurope.com\/@fr\/114458799853938161","error":""},"_links":{"self":[{"href":"https:\/\/www.europesays.com\/fr\/wp-json\/wp\/v2\/posts\/78294","targetHints":{"allow":["GET"]}}],"collection":[{"href":"https:\/\/www.europesays.com\/fr\/wp-json\/wp\/v2\/posts"}],"about":[{"href":"https:\/\/www.europesays.com\/fr\/wp-json\/wp\/v2\/types\/post"}],"author":[{"embeddable":true,"href":"https:\/\/www.europesays.com\/fr\/wp-json\/wp\/v2\/users\/2"}],"replies":[{"embeddable":true,"href":"https:\/\/www.europesays.com\/fr\/wp-json\/wp\/v2\/comments?post=78294"}],"version-history":[{"count":0,"href":"https:\/\/www.europesays.com\/fr\/wp-json\/wp\/v2\/posts\/78294\/revisions"}],"wp:featuredmedia":[{"embeddable":true,"href":"https:\/\/www.europesays.com\/fr\/wp-json\/wp\/v2\/media\/78295"}],"wp:attachment":[{"href":"https:\/\/www.europesays.com\/fr\/wp-json\/wp\/v2\/media?parent=78294"}],"wp:term":[{"taxonomy":"category","embeddable":true,"href":"https:\/\/www.europesays.com\/fr\/wp-json\/wp\/v2\/categories?post=78294"},{"taxonomy":"post_tag","embeddable":true,"href":"https:\/\/www.europesays.com\/fr\/wp-json\/wp\/v2\/tags?post=78294"}],"curies":[{"name":"wp","href":"https:\/\/api.w.org\/{rel}","templated":true}]}}