{"id":783048,"date":"2026-03-07T23:55:14","date_gmt":"2026-03-07T23:55:14","guid":{"rendered":"https:\/\/www.europesays.com\/fr\/783048\/"},"modified":"2026-03-07T23:55:14","modified_gmt":"2026-03-07T23:55:14","slug":"voir-le-bourreau-ali-khamenei-mort-a-ete-un-soulagement-pour-ce-marseillais-dorigine-iranienne","status":"publish","type":"post","link":"https:\/\/www.europesays.com\/fr\/783048\/","title":{"rendered":"\u00ab\u00a0Voir le bourreau Ali Khamenei mort a \u00e9t\u00e9 un soulagement\u00a0\u00bb, pour ce Marseillais d&rsquo;origine iranienne"},"content":{"rendered":"<p>\u00c0 <a href=\"https:\/\/www.laprovence.com\/article\/france-monde\/81577376027471\/liran-confirme-la-mort-de-khamenei-dans-loperation-israelo-americaine\" target=\"_blank\" rel=\"nofollow noopener\">la mort d\u2019Ali Khamenei, le 28<\/a>\u00a0<a href=\"https:\/\/www.laprovence.com\/article\/france-monde\/81577376027471\/liran-confirme-la-mort-de-khamenei-dans-loperation-israelo-americaine\" target=\"_blank\" rel=\"nofollow noopener\">f\u00e9vrier<\/a>\u00a0<a href=\"https:\/\/www.laprovence.com\/article\/france-monde\/81577376027471\/liran-confirme-la-mort-de-khamenei-dans-loperation-israelo-americaine\" target=\"_blank\" rel=\"nofollow noopener\">2026<\/a>, ils ont d\u00e9bouch\u00e9 le champagne \u00e0 leur domicile. Darius et Marianne ont fui l\u2019Iran, il y a une bonne trentaine d\u2019ann\u00e9es. L\u00e0-bas, ils ont v\u00e9cu sous le joug du r\u00e9gime des mollahs. Dans cette premi\u00e8re vie, Marianne \u00e9tait contrainte de porter le voile, signe distinctif d\u2019une oppression quotidienne pour des femmes aux droits r\u00e9duits \u00e0 bien peu de choses.<\/p>\n<p>En <a href=\"https:\/\/www.laprovence.com\/\" target=\"_blank\" rel=\"nofollow noopener\">France<\/a>, elle a trouv\u00e9 la libert\u00e9 de choisir de son propre chef. L\u2019amour aussi en rencontrant Darius \u00e0 Paris o\u00f9 tous deux sont arriv\u00e9s \u00e0 quelques ann\u00e9es d\u2019intervalle. De leur union sont n\u00e9s deux beaux enfants, dont Avesta, l\u2019a\u00een\u00e9, 23\u00a0ans. M\u00eame si leur pass\u00e9 est beaucoup moins lourd \u00e0 porter, eux aussi ont sabl\u00e9 le champagne avec leurs parents, le 28\u00a0f\u00e9vrier.<\/p>\n<p>Depuis leur exil qui, apr\u00e8s Paris, les a conduits <a href=\"https:\/\/www.laprovence.com\/bouches-du-rhone\/marseille-13055\" target=\"_blank\" rel=\"nofollow noopener\">\u00e0 Marseille il y a dix ans<\/a>, Darius et Marianne se demandaient si un jour pareil allait pouvoir se lever. La lumi\u00e8re a fini par percer \u00e0 la fin d\u2019un tr\u00e8s long hiver.<\/p>\n<p>Qui pour incarner le changement\u00a0?<\/p>\n<p>\u00ab\u00a0Voir leur bourreau mort a \u00e9t\u00e9 un soulagement, t\u00e9moigne Avesta. G\u00e9n\u00e9ralement, on ne souhaite pas la mort de qui que ce soit, m\u00eame celle de gens dont l\u2019opinion politique est fortement \u00e9loign\u00e9e. En revanche, lui qui a ordonn\u00e9 le massacre d\u2019au moins 30\u00a0000 personnes en d\u00e9but d\u2019ann\u00e9e ne suscite aucun sentiment si ce n\u2019est une franche satisfaction \u00e0 l\u2019annonce de sa mort.\u00a0\u00bb<\/p>\n<p>Ils le faisaient d\u00e9j\u00e0 auparavant, ils s\u2019y emploient encore plus particuli\u00e8rement depuis le d\u00e9but de la guerre entre l\u2019Iran et la coalition am\u00e9ricano-isra\u00e9lienne. Marianne et Darius sont \u00e0 l\u2019aff\u00fbt de <a href=\"https:\/\/www.laprovence.com\/article\/politique\/30892422367596\/guerre-en-iran-carburant-gaz-courses-ce-que-les-francais-vont-payer-plus-cher-avec-le-blocage-du-detroit-dormuz\" target=\"_blank\" rel=\"nofollow noopener\">la moindre information qui circul<\/a>e sur leur pays natal. Avesta s\u2019int\u00e9resse aussi de pr\u00e8s \u00e0 la situation avec une vision relativement diff\u00e9rente.<\/p>\n<p>\u00ab\u00a0Si je l\u2019observe d\u2019un \u0153il plus sceptique, mes parents nourrissent une vraie lueur d\u2019espoir, expose leur fils. La diff\u00e9rence vient du fait que j\u2019ai grandi avec du recul, contrairement \u00e0 eux qui sont exil\u00e9s depuis plus de trente ans et ils souhaitent plus que tout revenir au pays, le jour o\u00f9 il sera possible de le faire en toute libert\u00e9. En ce qui me concerne, j\u2019ai d\u2019abord \u00e9t\u00e9 tr\u00e8s content \u00e0 l\u2019annonce de la mort de Khamenei, mais dans un second temps, je me suis rapidement interrog\u00e9 sur le profil des personnes susceptibles d\u2019incarner le changement, <a href=\"https:\/\/www.laprovence.com\/article\/france-monde\/12750236826599\/qui-est-reza-pahlavi-le-fils-du-dernier-shah-diran-qui-tente-de-simposer-comme-alternative-au-regime\" target=\"_blank\" rel=\"nofollow noopener\">notamment celui de Reza Pahlavi<\/a>. Si mes parents sont plus enclins \u00e0 accepter son arriv\u00e9e au pouvoir, moi, je suis davantage r\u00e9ticent. Maintenant, s\u2019il n\u2019y a pas d\u2019autre solution, ce sera toujours moins pire que les mollahs.\u00a0\u00bb<\/p>\n<p><img alt=\"\" loading=\"lazy\" width=\"18\" height=\"18\" decoding=\"async\" data-nimg=\"1\" class=\"mx-[8px]\" style=\"color:transparent\" src=\"https:\/\/www.laprovence.com\/_next\/static\/media\/comment.a97bda1a.svg\"\/>D\u00e9marrez la conversation<\/p>\n<p class=\"text-[1.8rem] mt-[32px]\">Votre opinion compte pour nous. Rejoignez la communaut\u00e9 laprovence.com en r\u00e9agissant sur l&rsquo;article \u00ab\u00a0Voir le bourreau Ali Khamenei mort a \u00e9t\u00e9 un soulagement\u00a0\u00bb, t\u00e9moigne ce Marseillais d&rsquo;origine iranienne.<\/p>\n","protected":false},"excerpt":{"rendered":"\u00c0 la mort d\u2019Ali Khamenei, le 28\u00a0f\u00e9vrier\u00a02026, ils ont d\u00e9bouch\u00e9 le champagne \u00e0 leur domicile. Darius et Marianne&hellip;\n","protected":false},"author":2,"featured_media":783049,"comment_status":"","ping_status":"","sticky":false,"template":"","format":"standard","meta":{"footnotes":"","_share_on_mastodon":"0"},"categories":[2814],"tags":[5734,1111,11,63285,83044,2883,1777,674,1011,27,329,85147,884,18,12,882,25,58494,3840],"class_list":["post-783048","post","type-post","status-publish","format-standard","has-post-thumbnail","category-marseille","tag-5734","tag-actu","tag-actualites","tag-ali","tag-bourreau","tag-ete","tag-eu","tag-europe","tag-fr","tag-france","tag-france-monde","tag-khamenei","tag-marseille","tag-mort","tag-news","tag-provence-alpes-cote-dazur","tag-republique-francaise","tag-soulagement","tag-voir"],"share_on_mastodon":{"url":"https:\/\/pubeurope.com\/@fr\/116190600599398632","error":""},"_links":{"self":[{"href":"https:\/\/www.europesays.com\/fr\/wp-json\/wp\/v2\/posts\/783048","targetHints":{"allow":["GET"]}}],"collection":[{"href":"https:\/\/www.europesays.com\/fr\/wp-json\/wp\/v2\/posts"}],"about":[{"href":"https:\/\/www.europesays.com\/fr\/wp-json\/wp\/v2\/types\/post"}],"author":[{"embeddable":true,"href":"https:\/\/www.europesays.com\/fr\/wp-json\/wp\/v2\/users\/2"}],"replies":[{"embeddable":true,"href":"https:\/\/www.europesays.com\/fr\/wp-json\/wp\/v2\/comments?post=783048"}],"version-history":[{"count":0,"href":"https:\/\/www.europesays.com\/fr\/wp-json\/wp\/v2\/posts\/783048\/revisions"}],"wp:featuredmedia":[{"embeddable":true,"href":"https:\/\/www.europesays.com\/fr\/wp-json\/wp\/v2\/media\/783049"}],"wp:attachment":[{"href":"https:\/\/www.europesays.com\/fr\/wp-json\/wp\/v2\/media?parent=783048"}],"wp:term":[{"taxonomy":"category","embeddable":true,"href":"https:\/\/www.europesays.com\/fr\/wp-json\/wp\/v2\/categories?post=783048"},{"taxonomy":"post_tag","embeddable":true,"href":"https:\/\/www.europesays.com\/fr\/wp-json\/wp\/v2\/tags?post=783048"}],"curies":[{"name":"wp","href":"https:\/\/api.w.org\/{rel}","templated":true}]}}