{"id":78306,"date":"2025-05-06T03:44:21","date_gmt":"2025-05-06T03:44:21","guid":{"rendered":"https:\/\/www.europesays.com\/fr\/78306\/"},"modified":"2025-05-06T03:44:21","modified_gmt":"2025-05-06T03:44:21","slug":"bischheim-vingt-cinq-eleves-de-6e-et-de-cm2-honorent-la-memoire-de-victimes-du-nazisme","status":"publish","type":"post","link":"https:\/\/www.europesays.com\/fr\/78306\/","title":{"rendered":"Bischheim. Vingt-cinq \u00e9l\u00e8ves de 6e\u00a0et de CM2 honorent la m\u00e9moire de victimes du nazisme"},"content":{"rendered":"<p>Ils s\u2019appelaient Paul, Denise et Jeannine Lazare, Jacques et Pauline Salomon. Ils faisaient partie de familles juives, habitaient Bischheim, et ont \u00e9t\u00e9 victimes de la barbarie, d\u00e9port\u00e9s \u00e0 Auschwitz, assassin\u00e9s par les nazis.<\/p>\n<p>Lundi 28\u00a0avril, la Ville de Bischheim honorait la m\u00e9moire des siens, \u00ab\u00a0grav\u00e9e dans le bitume\u00a0\u00bb, comme le soulignait le maire Jean-Louis Hoerl\u00e9, en ajoutant cinq \u00ab\u00a0Stolpersteine, ces pierres qui font tr\u00e9bucher non pas nos pieds, mais notre conscience\u00a0\u00bb. Paul Lazare et Jacques&#8230;<\/p>\n","protected":false},"excerpt":{"rendered":"Ils s\u2019appelaient Paul, Denise et Jeannine Lazare, Jacques et Pauline Salomon. Ils faisaient partie de familles juives, habitaient&hellip;\n","protected":false},"author":2,"featured_media":78307,"comment_status":"","ping_status":"","sticky":false,"template":"","format":"standard","meta":{"footnotes":""},"categories":[2820],"tags":[1111,11,13205,2880,1777,674,107,1011,27,775,937,12,25,104,640,3265],"class_list":{"0":"post-78306","1":"post","2":"type-post","3":"status-publish","4":"format-standard","5":"has-post-thumbnail","7":"category-strasbourg","8":"tag-actu","9":"tag-actualites","10":"tag-bischheim","11":"tag-edition-strasbourg","12":"tag-eu","13":"tag-europe","14":"tag-fil-info","15":"tag-fr","16":"tag-france","17":"tag-grand-est","18":"tag-histoire","19":"tag-news","20":"tag-republique-francaise","21":"tag-societe","22":"tag-strasbourg","23":"tag-strasbourg-nord"},"share_on_mastodon":{"url":"https:\/\/pubeurope.com\/@fr\/114458831360219233","error":""},"_links":{"self":[{"href":"https:\/\/www.europesays.com\/fr\/wp-json\/wp\/v2\/posts\/78306","targetHints":{"allow":["GET"]}}],"collection":[{"href":"https:\/\/www.europesays.com\/fr\/wp-json\/wp\/v2\/posts"}],"about":[{"href":"https:\/\/www.europesays.com\/fr\/wp-json\/wp\/v2\/types\/post"}],"author":[{"embeddable":true,"href":"https:\/\/www.europesays.com\/fr\/wp-json\/wp\/v2\/users\/2"}],"replies":[{"embeddable":true,"href":"https:\/\/www.europesays.com\/fr\/wp-json\/wp\/v2\/comments?post=78306"}],"version-history":[{"count":0,"href":"https:\/\/www.europesays.com\/fr\/wp-json\/wp\/v2\/posts\/78306\/revisions"}],"wp:featuredmedia":[{"embeddable":true,"href":"https:\/\/www.europesays.com\/fr\/wp-json\/wp\/v2\/media\/78307"}],"wp:attachment":[{"href":"https:\/\/www.europesays.com\/fr\/wp-json\/wp\/v2\/media?parent=78306"}],"wp:term":[{"taxonomy":"category","embeddable":true,"href":"https:\/\/www.europesays.com\/fr\/wp-json\/wp\/v2\/categories?post=78306"},{"taxonomy":"post_tag","embeddable":true,"href":"https:\/\/www.europesays.com\/fr\/wp-json\/wp\/v2\/tags?post=78306"}],"curies":[{"name":"wp","href":"https:\/\/api.w.org\/{rel}","templated":true}]}}