{"id":78314,"date":"2025-05-06T03:48:14","date_gmt":"2025-05-06T03:48:14","guid":{"rendered":"https:\/\/www.europesays.com\/fr\/78314\/"},"modified":"2025-05-06T03:48:14","modified_gmt":"2025-05-06T03:48:14","slug":"on-vous-fait-gagner-des-places-a-bord-du-belem-pour-la-parade-nautique-au-festival-debord-de","status":"publish","type":"post","link":"https:\/\/www.europesays.com\/fr\/78314\/","title":{"rendered":"On vous fait gagner des places \u00e0 bord du Belem pour la parade nautique, au festival D\u00e9bord de"},"content":{"rendered":"<p>Le festival D\u00e9bord de Loire s\u2019ouvre le 12\u00a0juin et pour quatre\u00a0jours \u00e0 Nantes (Loire-Atlantique) et dans quinze\u00a0villes de l\u2019estuaire de la Loire. \u00c0 cette occasion, la r\u00e9daction d\u2019Ouest-France, en collaboration avec le festival, fait gagner plusieurs places pour assister \u00e0 une parade nautique \u00e0 bord du  <a href=\"https:\/\/saint-malo.maville.com\/sport\/detail_-reportage.-le-belem-et-sa-lanterne-olympique-stars-des-journees-du-patrimoine-a-saint-malo-_7-6473084_actu.Htm\" target=\"_self\" rel=\"noopener\">Belem<\/a>  <a href=\"https:\/\/saint-malo.maville.com\/sport\/detail_-reportage.-le-belem-et-sa-lanterne-olympique-stars-des-journees-du-patrimoine-a-saint-malo-_7-6473084_actu.Htm\" target=\"_self\" rel=\"noopener\">, un trois-m\u00e2ts embl\u00e9matique de Nantes.<\/a><\/p>\n<p><strong>Lire aussi\u00a0:<\/strong> <a href=\"https:\/\/jeux.ouest-france.fr\/jeux-concours\/belem-debord-de-loire-2025\" target=\"_self\" rel=\"noopener\"> Vivez la parade nautique \u00e0 bord du B\u00e9lem lors de D\u00e9bord de Loire 2025\u00a0!<\/a><\/p>\n<p>Il partira samedi 14\u00a0juin, \u00e0 14\u00a0h\u00a020, de Saint-Nazaire pour remonter la Loire en direction de Nantes, vers 20\u00a0h.<\/p>\n<p>Ce spectacle sera le point d\u2019orgue de l\u2019\u00e9v\u00e8nement, le Belem sera escort\u00e9 de 200\u00a0bateaux, venus c\u00e9l\u00e9brer la f\u00eate maritime.<\/p>\n<p>Une parade ouverte \u00e0 tous les navigateurs<\/p>\n<p>Le festival est l\u2019occasion d\u2019admirer les diff\u00e9rents bateaux qui naviguent sur le fleuve. Le festival annonce que les <strong>\u00ab\u00a0bateaux traditionnels de Loire\u00a0\u00bb<\/strong>, les <strong>\u00ab\u00a0bateaux de patrimoine nantais, habituellement visibles sur l\u2019Erdre\u00a0\u00bb,<\/strong> ou les <strong>\u00ab\u00a0unit\u00e9s des clubs nautiques du territoire\u00a0\u00bb<\/strong> seront les bienvenus sur l\u2019eau.<\/p>\n<p>Pour participer, il suffit de s\u2019inscrire su le site de<a href=\"https:\/\/www.deborddeloire.fr\/acces-equipages\/\" target=\"_self\" rel=\"noopener\"> D\u00e9bord de Loire.<\/a><\/p>\n<p>\u00a0<\/p>\n","protected":false},"excerpt":{"rendered":"Le festival D\u00e9bord de Loire s\u2019ouvre le 12\u00a0juin et pour quatre\u00a0jours \u00e0 Nantes (Loire-Atlantique) et dans quinze\u00a0villes de&hellip;\n","protected":false},"author":2,"featured_media":78315,"comment_status":"","ping_status":"","sticky":false,"template":"","format":"standard","meta":{"footnotes":""},"categories":[2818],"tags":[1111,11,18434,3944,17881,1777,674,21,849,1011,27,7683,3367,766,18023,12,18277,2636,18433,25],"class_list":{"0":"post-78314","1":"post","2":"type-post","3":"status-publish","4":"format-standard","5":"has-post-thumbnail","7":"category-nantes","8":"tag-actu","9":"tag-actualites","10":"tag-belem","11":"tag-bord","12":"tag-debord","13":"tag-eu","14":"tag-europe","15":"tag-fait","16":"tag-festival","17":"tag-fr","18":"tag-france","19":"tag-gagner","20":"tag-loire","21":"tag-nantes","22":"tag-nautique","23":"tag-news","24":"tag-parade","25":"tag-pays-de-la-loire","26":"tag-places","27":"tag-republique-francaise"},"share_on_mastodon":{"url":"https:\/\/pubeurope.com\/@fr\/114458847146704166","error":""},"_links":{"self":[{"href":"https:\/\/www.europesays.com\/fr\/wp-json\/wp\/v2\/posts\/78314","targetHints":{"allow":["GET"]}}],"collection":[{"href":"https:\/\/www.europesays.com\/fr\/wp-json\/wp\/v2\/posts"}],"about":[{"href":"https:\/\/www.europesays.com\/fr\/wp-json\/wp\/v2\/types\/post"}],"author":[{"embeddable":true,"href":"https:\/\/www.europesays.com\/fr\/wp-json\/wp\/v2\/users\/2"}],"replies":[{"embeddable":true,"href":"https:\/\/www.europesays.com\/fr\/wp-json\/wp\/v2\/comments?post=78314"}],"version-history":[{"count":0,"href":"https:\/\/www.europesays.com\/fr\/wp-json\/wp\/v2\/posts\/78314\/revisions"}],"wp:featuredmedia":[{"embeddable":true,"href":"https:\/\/www.europesays.com\/fr\/wp-json\/wp\/v2\/media\/78315"}],"wp:attachment":[{"href":"https:\/\/www.europesays.com\/fr\/wp-json\/wp\/v2\/media?parent=78314"}],"wp:term":[{"taxonomy":"category","embeddable":true,"href":"https:\/\/www.europesays.com\/fr\/wp-json\/wp\/v2\/categories?post=78314"},{"taxonomy":"post_tag","embeddable":true,"href":"https:\/\/www.europesays.com\/fr\/wp-json\/wp\/v2\/tags?post=78314"}],"curies":[{"name":"wp","href":"https:\/\/api.w.org\/{rel}","templated":true}]}}