{"id":783163,"date":"2026-03-08T01:07:12","date_gmt":"2026-03-08T01:07:12","guid":{"rendered":"https:\/\/www.europesays.com\/fr\/783163\/"},"modified":"2026-03-08T01:07:12","modified_gmt":"2026-03-08T01:07:12","slug":"gad-elmaleh-roman-frayssinet-gabrielle-giraud-pour-la-semaine-anniversaire-du-vigs-a-marseille","status":"publish","type":"post","link":"https:\/\/www.europesays.com\/fr\/783163\/","title":{"rendered":"Gad Elmaleh, Roman Frayssinet, Gabrielle Giraud\u2026 pour la semaine anniversaire du Vig\u2019s \u00e0 Marseille"},"content":{"rendered":"<p>En une ann\u00e9e, les rires ont d\u00e9j\u00e0 bien r\u00e9sonn\u00e9 au Vig\u2019s. Et du 10 au 15\u00a0mars prochain, le curseur va monter de quelques crans puisque le com\u00e9die club ouvert par Gad Elmaleh sur le Vieux-Port va f\u00eater son premier anniversaire.<\/p>\n<p>Le com\u00e9dien sera d\u2019ailleurs sur sc\u00e8ne pour la soir\u00e9e d\u2019ouverture ce mardi, \u00e0 l\u2019occasion de deux com\u00e9die clubs qui affichent d\u00e9j\u00e0 complet. Ce m\u00eame soir, il reste en revanche des places pour la session men\u00e9e par <a href=\"https:\/\/www.laprovence.com\/article\/culture-loisirs\/30297936178215\/laurie-peret-a-velaux-un-show-stand-up-ou-on-vient-voir-une-bonne-copine\" target=\"_blank\" rel=\"nofollow noopener\">Laurie Peret<\/a>, qui sera accompagn\u00e9e par Yann Guillarme, Kevin Chiocca, Dom la Greca et Hedi Mejri.<\/p>\n<p>La suite des festivit\u00e9s, pour lesquelles vingt-deux shows sont au programme, verra les grands noms faire le spectacle. \u00c0 commencer par <a href=\"https:\/\/www.laprovence.com\/article\/culture-loisirs\/2418366303001714\/on-a-vu-au-cepac-silo-redouane-bougheraba-3-om-0\" target=\"_blank\" rel=\"nofollow noopener\">Redouane Bougheraba<\/a> le mercredi\u00a011, qui avait marqu\u00e9 les esprits au Vig\u2019s lors d\u2019un 2&#215;30 minutes partag\u00e9 avec Gad Elmaleh. <a href=\"https:\/\/www.laprovence.com\/article\/culture-loisirs\/17620851017644\/garder-lambiance-comedie-club-au-dome-lhumoriste-nino-arial-en-spectacle-a-marseille\" target=\"_blank\" rel=\"nofollow noopener\">Nino Arial<\/a>, qui a r\u00e9cemment fait complet au D\u00f4me, sera pr\u00e9sent le lendemain, tandis que le week-end sera synonyme d\u2019ivresse avec plusieurs cr\u00e9neaux pour Kev Adams, Patrick Bosso et Roman Frayssinet.<\/p>\n<p>La sc\u00e8ne marseillaise sera \u00e9galement repr\u00e9sent\u00e9e avec <a href=\"https:\/\/www.laprovence.com\/article\/culture-loisirs\/18285272025596\/redouane-bougheraba-julien-vinh-portrait-des-cinq-humoristes-marseillais-attendus-en-2026\" target=\"_blank\" rel=\"nofollow noopener\">Julien Vinh<\/a> et Greg Petras align\u00e9s le vendredi 13\u00a0mars, tandis que Gabrielle Giraud et S\u00e9bastien Me\u00ef participeront \u00e0 la f\u00eate le lendemain. Le plateau Les Simones men\u00e9 par l\u2019Aixoise Marion Augine, et l\u2019Open Mic rassemblant les nouveaux talents de Marseille, sont aussi \u00e0 cocher les 13 et 14\u00a0mars.<\/p>\n<p>Du 10 au 15\u00a0mars\u00a02026 au Vig\u2019s, 15 quai de Rive Neuve (1er) \u00e0 Marseille. Toute la programmation sur levigs.com.<\/p>\n","protected":false},"excerpt":{"rendered":"En une ann\u00e9e, les rires ont d\u00e9j\u00e0 bien r\u00e9sonn\u00e9 au Vig\u2019s. Et du 10 au 15\u00a0mars prochain, le&hellip;\n","protected":false},"author":2,"featured_media":783164,"comment_status":"","ping_status":"","sticky":false,"template":"","format":"standard","meta":{"footnotes":"","_share_on_mastodon":"0"},"categories":[2814],"tags":[5734,1111,11,251,21756,1777,674,1011,27,56002,86414,21755,86415,884,12,471,882,25,2004],"class_list":["post-783163","post","type-post","status-publish","format-standard","has-post-thumbnail","category-marseille","tag-5734","tag-actu","tag-actualites","tag-culture","tag-elmaleh","tag-eu","tag-europe","tag-fr","tag-france","tag-frayssinet","tag-gabrielle","tag-gad","tag-giraud","tag-marseille","tag-news","tag-pour","tag-provence-alpes-cote-dazur","tag-republique-francaise","tag-roman"],"share_on_mastodon":{"url":"https:\/\/pubeurope.com\/@fr\/116190881091561408","error":""},"_links":{"self":[{"href":"https:\/\/www.europesays.com\/fr\/wp-json\/wp\/v2\/posts\/783163","targetHints":{"allow":["GET"]}}],"collection":[{"href":"https:\/\/www.europesays.com\/fr\/wp-json\/wp\/v2\/posts"}],"about":[{"href":"https:\/\/www.europesays.com\/fr\/wp-json\/wp\/v2\/types\/post"}],"author":[{"embeddable":true,"href":"https:\/\/www.europesays.com\/fr\/wp-json\/wp\/v2\/users\/2"}],"replies":[{"embeddable":true,"href":"https:\/\/www.europesays.com\/fr\/wp-json\/wp\/v2\/comments?post=783163"}],"version-history":[{"count":0,"href":"https:\/\/www.europesays.com\/fr\/wp-json\/wp\/v2\/posts\/783163\/revisions"}],"wp:featuredmedia":[{"embeddable":true,"href":"https:\/\/www.europesays.com\/fr\/wp-json\/wp\/v2\/media\/783164"}],"wp:attachment":[{"href":"https:\/\/www.europesays.com\/fr\/wp-json\/wp\/v2\/media?parent=783163"}],"wp:term":[{"taxonomy":"category","embeddable":true,"href":"https:\/\/www.europesays.com\/fr\/wp-json\/wp\/v2\/categories?post=783163"},{"taxonomy":"post_tag","embeddable":true,"href":"https:\/\/www.europesays.com\/fr\/wp-json\/wp\/v2\/tags?post=783163"}],"curies":[{"name":"wp","href":"https:\/\/api.w.org\/{rel}","templated":true}]}}