{"id":783386,"date":"2026-03-08T03:36:19","date_gmt":"2026-03-08T03:36:19","guid":{"rendered":"https:\/\/www.europesays.com\/fr\/783386\/"},"modified":"2026-03-08T03:36:19","modified_gmt":"2026-03-08T03:36:19","slug":"tb12-les-avantages-dun-tram-la-flexibilite-dun-bus","status":"publish","type":"post","link":"https:\/\/www.europesays.com\/fr\/783386\/","title":{"rendered":"TB12 : les avantages d&rsquo;un tram, la flexibilit\u00e9 d&rsquo;un bus"},"content":{"rendered":"<p>La ligne TB12, un bus \u00e0 haut niveau de service (BHNS) enti\u00e8rement \u00e9lectrique, entre en service entre la Part-Dieu et Villeurbanne. Alliant le confort du tramway et la souplesse du bus, cette nouvelle offre promet de transformer les d\u00e9placements dans l\u2019Est lyonnais.<\/p>\n<p>C\u2019est un v\u00e9hicule au <strong>design futuriste<\/strong> qui sillonne d\u00e9sormais les rues de Lyon et Villeurbanne. Le <strong>TB12<\/strong> n\u2019est pas un bus comme les autres. Avec ses 24 m\u00e8tres de long et sa livr\u00e9e \u00e9l\u00e9gante, ce \u00ab <strong>tram-bus<\/strong> \u00bb 100 % \u00e9lectrique ambitionne d\u2019offrir la <strong>m\u00eame qualit\u00e9 de service qu\u2019un tramway classique<\/strong>, mais sur pneus.<\/p>\n<p>Pour en savoir plus, nous avons rencontr\u00e9 <strong>Alice M\u00fcller<\/strong>, cheffe de projets pour <strong><a href=\"https:\/\/sytral-mobilites.fr\/fr\/actualites\/la-nouvelle-ligne-tb12-est-ouverte_-n.html\" type=\"link\" id=\"https:\/\/sytral-mobilites.fr\/fr\/actualites\/la-nouvelle-ligne-tb12-est-ouverte_-n.html\" target=\"_blank\" rel=\"noreferrer noopener nofollow\">SYTRAL Mobilit\u00e9s<\/a><\/strong>\u2026 Ecoutez le podcast<\/p>\n<p>Tram-bus TB12<\/p>\n<p>\u00ab\u00a0Entre F\u00e9lix Faure et la route de Genas, on a des virages tr\u00e8s serr\u00e9s. Le <strong>tram-bus<\/strong> est donc plus adapt\u00e9 que le <strong>tramway<\/strong>\u2026 Les stations sont un peu plus courtes que celle du tramway. Mais elles pourront accueillir le temps venu, des <strong>bus bi-articul\u00e9s<\/strong>\u00ab\u00a0<\/p>\n<p>Ecoutez aussi : <a href=\"https:\/\/www.lyondemain.fr\/deux-nouvelles-lignes-fortes-est-lyonnais\/\" type=\"link\" id=\"https:\/\/www.lyondemain.fr\/deux-nouvelles-lignes-fortes-est-lyonnais\/\" target=\"_blank\" rel=\"noreferrer noopener nofollow\">SYTRAL : deux nouvelles lignes fortes pour l\u2019Est-Lyonnais<\/a><\/p>\n<p><img loading=\"lazy\" decoding=\"async\" width=\"1200\" height=\"675\" src=\"https:\/\/www.europesays.com\/fr\/wp-content\/uploads\/2026\/03\/TB12-inauguration.jpg\" alt=\"TB12\" class=\"wp-image-253621\"  \/><\/p>\n<p>Tram-bus : une performance digne d\u2019un tramway<\/p>\n<p>Relier la <strong>gare de la Part-Dieu<\/strong> au <strong>quartier Kimmerling-Gen\u00eats<\/strong> \u00e0 <strong>Villeurbanne<\/strong> en un temps record : tel est l\u2019objectif de ce nouveau trac\u00e9 de cinq kilom\u00e8tres. Pour s\u00e9duire les usagers, le<strong> Sytral<\/strong> a mis\u00e9 sur la fr\u00e9quence. Aux heures de pointe, <strong>un v\u00e9hicule<\/strong> passera <strong>toutes les sept minutes<\/strong>, permettant de transporter <strong>jusqu\u2019\u00e0 25 000 passagers par jour<\/strong>.<\/p>\n<p>Le confort en station a \u00e9galement \u00e9t\u00e9 calqu\u00e9 sur le mod\u00e8le du <strong>tramway<\/strong> : <strong>quais am\u00e9nag\u00e9s<\/strong>, abris modernes et v\u00e9g\u00e9talis\u00e9s pour prot\u00e9ger de la pluie ou du soleil, et <strong>\u00e9crans d\u2019information en temps r\u00e9el<\/strong>.<\/p>\n<p>Ecoutez aussi : <a href=\"https:\/\/www.lyondemain.fr\/ligne-de-tramway-t6-nord-villeurbanne\/\" type=\"link\" id=\"https:\/\/www.lyondemain.fr\/ligne-de-tramway-t6-nord-villeurbanne\/\" target=\"_blank\" rel=\"noreferrer noopener nofollow\">T6 nord : la conception \u00e9coresponsable d\u2019une ligne de tramway<\/a><\/p>\n<p>Une prouesse technologique : l\u2019autonomie illimit\u00e9e<\/p>\n<p>La grande innovation du <strong>TB12<\/strong> r\u00e9side sous son capot (et sur son toit). \u00c9quip\u00e9 de perches, <strong>le v\u00e9hicule se recharge en roulant<\/strong> gr\u00e2ce \u00e0 des lignes a\u00e9riennes de contact. \u00ab Chaque tram-bus poss\u00e8de <strong>une autonomie \u00e9lectrique illimit\u00e9e<\/strong> \u00bb, explique <strong>Jos\u00e9 Da Silva<\/strong>, expert et formateur pour <strong>Sytral Mobilit\u00e9s<\/strong>. Le syst\u00e8me est ing\u00e9nieux : les perches se retirent et se remettent en place automatiquement plusieurs fois par trajet pour franchir certains carrefours ou zones sp\u00e9cifiques. Une man\u0153uvre qui ne prend que quelques secondes sans impacter la progression du v\u00e9hicule\u2026<\/p>\n<p>C\u00f4t\u00e9 s\u00e9curit\u00e9, le <strong>TB12<\/strong> abandonne les miroirs classiques pour un syst\u00e8me de <strong>r\u00e9trovision par cam\u00e9ras<\/strong>, supprimant totalement les angles morts. Un atout majeur pour la s\u00e9curit\u00e9 des cyclistes et des pi\u00e9tons en milieu urbain dense\u2026<\/p>\n<p>Ecoutez aussi : <a href=\"https:\/\/www.lyondemain.fr\/accessible-mobility-europe-antoine-durand\/\" type=\"link\" id=\"https:\/\/www.lyondemain.fr\/accessible-mobility-europe-antoine-durand\/\" target=\"_blank\" rel=\"noreferrer noopener nofollow\">Accessible Mobility Europe : Antoine Durand direction Barcelone<\/a><\/p>\n<blockquote class=\"instagram-media\" data-instgrm-captioned=\"\" data-instgrm-permalink=\"https:\/\/www.instagram.com\/reel\/DVTupqQiOZ4\/?utm_source=ig_embed&amp;utm_campaign=loading\" data-instgrm-version=\"14\" style=\" background:#FFF; border:0; border-radius:3px; box-shadow:0 0 1px 0 rgba(0,0,0,0.5),0 1px 10px 0 rgba(0,0,0,0.15); margin: 1px; max-width:540px; min-width:326px; padding:0; width:99.375%; width:-webkit-calc(100% - 2px); width:calc(100% - 2px);\"\/>\n<p>Une mont\u00e9e en puissance jusqu\u2019en 2029<\/p>\n<p>Si le premier tron\u00e7on s\u2019arr\u00eate aujourd\u2019hui \u00e0 la <strong>place Kimmerling<\/strong>, le projet ne fait que commencer. D\u00e8s 2027, la ligne sera <strong>prolong\u00e9e vers l\u2019Est<\/strong> pour rejoindre les Sept-Chemins \u00e0 Vaulx-en-Velin. \u00c0 plus long terme, l\u2019horizon 2029 pr\u00e9voit une <strong>extension majeure jusqu\u2019\u00e0 Parilly<\/strong>, traversant Bron et Saint-Priest.<\/p>\n<p>Pour piloter ces tram-bus, <strong>27 conducteurs<\/strong> ont re\u00e7u une formation sp\u00e9cifique. <strong>Souplesse de conduite<\/strong>, <strong>silence moteur<\/strong> et <strong>technologie embarqu\u00e9e<\/strong> : le <strong>TB12<\/strong> semble pr\u00eat \u00e0 conqu\u00e9rir le c\u0153ur des Lyonnais et \u00e0 devenir le nouvel \u00e9tendard d\u2019une m\u00e9tropole qui mise sur la <strong><a href=\"https:\/\/sytral-mobilites.fr\/fr\/approbation-du-plan-de-mobilite-des-territoires-lyonnais_-n.html\" type=\"link\" id=\"https:\/\/sytral-mobilites.fr\/fr\/approbation-du-plan-de-mobilite-des-territoires-lyonnais_-n.html\" target=\"_blank\" rel=\"noreferrer noopener nofollow\">d\u00e9carbonation de ses mobilit\u00e9s<\/a><\/strong>.<\/p>\n<p>Ecoutez aussi : <a href=\"https:\/\/www.lyondemain.fr\/medialys-parcours-insertion-tcl\/\" type=\"link\" id=\"https:\/\/www.lyondemain.fr\/medialys-parcours-insertion-tcl\/\" target=\"_blank\" rel=\"noreferrer noopener nofollow\">Medialys : guider les voyageurs et trouver son propre chemin<\/a><\/p>\n<p><img loading=\"lazy\" decoding=\"async\" width=\"1200\" height=\"675\" src=\"https:\/\/www.europesays.com\/fr\/wp-content\/uploads\/2026\/03\/TB12-voyage-inaugural-avec-Bruno-Bernard-et-Gregory-Doucet.jpg\" alt=\"TB12\" class=\"wp-image-253623\"  \/>voyage inaugural<\/p>\n<p><img loading=\"lazy\" decoding=\"async\" width=\"1200\" height=\"675\" src=\"https:\/\/www.europesays.com\/fr\/wp-content\/uploads\/2026\/03\/TB12-tram-bus.jpg\" alt=\"TB12\" class=\"wp-image-253619\"  \/><br \/>\n\t<script async src=\"\/\/www.instagram.com\/embed.js\"><\/script><\/p>\n","protected":false},"excerpt":{"rendered":"La ligne TB12, un bus \u00e0 haut niveau de service (BHNS) enti\u00e8rement \u00e9lectrique, entre en service entre la&hellip;\n","protected":false},"author":2,"featured_media":783387,"comment_status":"","ping_status":"","sticky":false,"template":"","format":"standard","meta":{"footnotes":"","_share_on_mastodon":"0"},"categories":[1889],"tags":[1111,11,2430,1777,674,1011,27,2428,12,962,6125,25,24003,85515,4109,40258,6345],"class_list":["post-783386","post","type-post","status-publish","format-standard","has-post-thumbnail","category-lyon","tag-actu","tag-actualites","tag-auvergne-rhone-alpes","tag-eu","tag-europe","tag-fr","tag-france","tag-lyon","tag-news","tag-nouvelles-technologies","tag-part-dieu","tag-republique-francaise","tag-sytral-mobilites","tag-tb12","tag-tramway","tag-transport-decarbone","tag-villeurbanne"],"share_on_mastodon":{"url":"https:\/\/pubeurope.com\/@fr\/116191467270485139","error":""},"_links":{"self":[{"href":"https:\/\/www.europesays.com\/fr\/wp-json\/wp\/v2\/posts\/783386","targetHints":{"allow":["GET"]}}],"collection":[{"href":"https:\/\/www.europesays.com\/fr\/wp-json\/wp\/v2\/posts"}],"about":[{"href":"https:\/\/www.europesays.com\/fr\/wp-json\/wp\/v2\/types\/post"}],"author":[{"embeddable":true,"href":"https:\/\/www.europesays.com\/fr\/wp-json\/wp\/v2\/users\/2"}],"replies":[{"embeddable":true,"href":"https:\/\/www.europesays.com\/fr\/wp-json\/wp\/v2\/comments?post=783386"}],"version-history":[{"count":0,"href":"https:\/\/www.europesays.com\/fr\/wp-json\/wp\/v2\/posts\/783386\/revisions"}],"wp:featuredmedia":[{"embeddable":true,"href":"https:\/\/www.europesays.com\/fr\/wp-json\/wp\/v2\/media\/783387"}],"wp:attachment":[{"href":"https:\/\/www.europesays.com\/fr\/wp-json\/wp\/v2\/media?parent=783386"}],"wp:term":[{"taxonomy":"category","embeddable":true,"href":"https:\/\/www.europesays.com\/fr\/wp-json\/wp\/v2\/categories?post=783386"},{"taxonomy":"post_tag","embeddable":true,"href":"https:\/\/www.europesays.com\/fr\/wp-json\/wp\/v2\/tags?post=783386"}],"curies":[{"name":"wp","href":"https:\/\/api.w.org\/{rel}","templated":true}]}}