{"id":78344,"date":"2025-05-06T04:05:15","date_gmt":"2025-05-06T04:05:15","guid":{"rendered":"https:\/\/www.europesays.com\/fr\/78344\/"},"modified":"2025-05-06T04:05:15","modified_gmt":"2025-05-06T04:05:15","slug":"le-musee-dart-moderne-de-paris-un-pas-au-musee","status":"publish","type":"post","link":"https:\/\/www.europesays.com\/fr\/78344\/","title":{"rendered":"Le Mus\u00e9e d&rsquo;Art Moderne de Paris &#8211; Un pas au Mus\u00e9e"},"content":{"rendered":"<p id=\"descriptionPanel\" aria-labelledby=\"descriptionArrow\" aria-expanded=\"false\" class=\"mr-2 line-clamp-2 pr-2.5 text-secondary overflow-visible\">Dans cet \u00e9pisode d\u2019Un pas au mus\u00e9e, explorez le Mus\u00e9e d\u2019Art Moderne, temple de l\u2019art contemporain. D\u00e9couvrez des \u0153uvres de ma\u00eetres comme Modigliani, Picasso et Delaunay, mais aussi des jeunes talents prometteurs. Plongez dans l\u2019histoire du mus\u00e9e, ses actions de conservation et ses projets \u00e0 venir. Un voyage fascinant au c\u0153ur de l\u2019art moderne.<\/p>\n<p><a class=\"shrink-0\" href=\"https:\/\/www.tf1.fr\/le-figaro\/un-pas-au-musee\" rel=\"nofollow noopener\" target=\"_blank\"><img decoding=\"async\" src=\"https:\/\/www.europesays.com\/fr\/wp-content\/uploads\/2025\/05\/un-pas-au-musee-1742986321-d7d475-2b270f-0@1x.jpg\" width=\"138\" height=\"184\" alt=\"\" loading=\"eager\" fetchpriority=\"auto\" class=\"aspect-[3\/4] h-24 w-auto rounded-3px\" aria-hidden=\"true\"\/><\/a><\/p>\n<p>13m<\/p>\n<p><img decoding=\"async\" src=\"https:\/\/www.europesays.com\/fr\/wp-content\/uploads\/2025\/05\/lefigaro-logo-editeur-a24114-19ceaf-0@3x.png\" alt=\"Le Figaro\" loading=\"eager\" class=\"h-5 w-14\" fetchpriority=\"auto\"\/>6 mai 2025 \u00e0 00:00<\/p>\n","protected":false},"excerpt":{"rendered":"Dans cet \u00e9pisode d\u2019Un pas au mus\u00e9e, explorez le Mus\u00e9e d\u2019Art Moderne, temple de l\u2019art contemporain. D\u00e9couvrez des&hellip;\n","protected":false},"author":2,"featured_media":78345,"comment_status":"","ping_status":"","sticky":false,"template":"","format":"standard","meta":{"footnotes":""},"categories":[1888],"tags":[11,2889,18441,1777,674,1011,27,12,626,25,18445,18443,18442,18446,18444],"class_list":{"0":"post-78344","1":"post","2":"type-post","3":"status-publish","4":"format-standard","5":"has-post-thumbnail","7":"category-paris","8":"tag-actualites","9":"tag-emission","10":"tag-emission-un-pas-au-musee","11":"tag-eu","12":"tag-europe","13":"tag-fr","14":"tag-france","15":"tag-news","16":"tag-paris","17":"tag-republique-francaise","18":"tag-streaming-un-pas-au-musee","19":"tag-un-pas-au-musee","20":"tag-un-pas-au-musee-emission","21":"tag-video-en-streaming-un-pas-au-musee","22":"tag-video-un-pas-au-musee"},"share_on_mastodon":{"url":"https:\/\/pubeurope.com\/@fr\/114458914011136468","error":""},"_links":{"self":[{"href":"https:\/\/www.europesays.com\/fr\/wp-json\/wp\/v2\/posts\/78344","targetHints":{"allow":["GET"]}}],"collection":[{"href":"https:\/\/www.europesays.com\/fr\/wp-json\/wp\/v2\/posts"}],"about":[{"href":"https:\/\/www.europesays.com\/fr\/wp-json\/wp\/v2\/types\/post"}],"author":[{"embeddable":true,"href":"https:\/\/www.europesays.com\/fr\/wp-json\/wp\/v2\/users\/2"}],"replies":[{"embeddable":true,"href":"https:\/\/www.europesays.com\/fr\/wp-json\/wp\/v2\/comments?post=78344"}],"version-history":[{"count":0,"href":"https:\/\/www.europesays.com\/fr\/wp-json\/wp\/v2\/posts\/78344\/revisions"}],"wp:featuredmedia":[{"embeddable":true,"href":"https:\/\/www.europesays.com\/fr\/wp-json\/wp\/v2\/media\/78345"}],"wp:attachment":[{"href":"https:\/\/www.europesays.com\/fr\/wp-json\/wp\/v2\/media?parent=78344"}],"wp:term":[{"taxonomy":"category","embeddable":true,"href":"https:\/\/www.europesays.com\/fr\/wp-json\/wp\/v2\/categories?post=78344"},{"taxonomy":"post_tag","embeddable":true,"href":"https:\/\/www.europesays.com\/fr\/wp-json\/wp\/v2\/tags?post=78344"}],"curies":[{"name":"wp","href":"https:\/\/api.w.org\/{rel}","templated":true}]}}