{"id":78354,"date":"2025-05-06T04:11:13","date_gmt":"2025-05-06T04:11:13","guid":{"rendered":"https:\/\/www.europesays.com\/fr\/78354\/"},"modified":"2025-05-06T04:11:13","modified_gmt":"2025-05-06T04:11:13","slug":"freund-kitra-et-festival-made-in-germany-pour-marquer-son-premier-anniversaire","status":"publish","type":"post","link":"https:\/\/www.europesays.com\/fr\/78354\/","title":{"rendered":"Freund Kitra et Festival \u00ab\u00a0Made in Germany\u00a0\u00bb pour marquer son premier anniversaire\u00a0"},"content":{"rendered":"<p><img loading=\"lazy\" decoding=\"async\" width=\"1024\" height=\"683\" src=\"https:\/\/www.europesays.com\/fr\/wp-content\/uploads\/2025\/05\/CGM-1024x683.jpg\" alt=\"\"  \/><\/p>\n<p>(Photo : Kelly)<\/p>\n<p>L\u2019association Les Amis de l\u2019Allemagne organisera deux grands \u00e9v\u00e9nements pour marquer son premier anniversaire<strong>.<\/strong> Ce week-end, la deuxi\u00e8me \u00e9dition du tournoi de football \u00e0 9, Freund Kitra, se d\u00e9roulera au stade Alarobia. Comme l\u2019an dernier, cette comp\u00e9tition, plac\u00e9e sous le signe de la fraternit\u00e9 et de la solidarit\u00e9, r\u00e9unira plusieurs \u00e9quipes repr\u00e9sentant diff\u00e9rentes ambassades et institutions de la capitale. Le football n\u2019est pas seulement un sport pour les Allemands, mais une v\u00e9ritable culture, un vecteur de paix, de tranquillit\u00e9 et de synergie. Les inscriptions restent ouvertes \u00e0 toute personne de plus de 19 ans et non licenci\u00e9e jusqu\u2019\u00e0 jeudi, date du tirage au sort. Les \u00e9liminatoires d\u00e9buteront le samedi, suivies de la phase finale, le dimanche. Le deuxi\u00e8me grand \u00e9v\u00e9nement sera le festival \u00ab\u00a0Made in Germany\u00a0\u00bb, qui se tiendra \u00e0 la Villa Berlin \u00e0 Ambatoroka le samedi 17 mai. Au programme, diverses activit\u00e9s telles que des stands d\u2019exposition et la vente de produits allemands, allant des voitures aux sp\u00e9cialit\u00e9s alimentaires. \u00ab L\u2019objectif de cet \u00e9v\u00e9nement est de renforcer les liens entre Madagascar et l\u2019Allemagne en mettant en avant les productions allemandes, ainsi que les valeurs culturelles et \u00e9ducatives du pays, sans oublier son art culinaire \u00bb, a d\u00e9clar\u00e9 la pr\u00e9sidente de l\u2019association, Mireille Andriambolanoro.<\/p>\n<p><strong>Manjato Razafy<\/strong><\/p>\n","protected":false},"excerpt":{"rendered":"(Photo : Kelly) L\u2019association Les Amis de l\u2019Allemagne organisera deux grands \u00e9v\u00e9nements pour marquer son premier anniversaire. Ce&hellip;\n","protected":false},"author":2,"featured_media":78355,"comment_status":"","ping_status":"","sticky":false,"template":"","format":"standard","meta":{"footnotes":""},"categories":[1587],"tags":[11,672,18453,3581,1804,1805,1803,1777,674,18454,1801,8459,18455,12,1802],"class_list":{"0":"post-78354","1":"post","2":"type-post","3":"status-publish","4":"format-standard","5":"has-post-thumbnail","7":"category-allemagne","8":"tag-actualites","9":"tag-allemagne","10":"tag-amis-de-lallemagne","11":"tag-anniversaire","12":"tag-bundesrepublik-deutschland","13":"tag-de","14":"tag-deutschland","15":"tag-eu","16":"tag-europe","17":"tag-freund-kitra-et-festival","18":"tag-germany","19":"tag-madagascar","20":"tag-made-in-germany","21":"tag-news","22":"tag-republique-federale-dallemagne"},"share_on_mastodon":{"url":"https:\/\/pubeurope.com\/@fr\/114458937494430694","error":""},"_links":{"self":[{"href":"https:\/\/www.europesays.com\/fr\/wp-json\/wp\/v2\/posts\/78354","targetHints":{"allow":["GET"]}}],"collection":[{"href":"https:\/\/www.europesays.com\/fr\/wp-json\/wp\/v2\/posts"}],"about":[{"href":"https:\/\/www.europesays.com\/fr\/wp-json\/wp\/v2\/types\/post"}],"author":[{"embeddable":true,"href":"https:\/\/www.europesays.com\/fr\/wp-json\/wp\/v2\/users\/2"}],"replies":[{"embeddable":true,"href":"https:\/\/www.europesays.com\/fr\/wp-json\/wp\/v2\/comments?post=78354"}],"version-history":[{"count":0,"href":"https:\/\/www.europesays.com\/fr\/wp-json\/wp\/v2\/posts\/78354\/revisions"}],"wp:featuredmedia":[{"embeddable":true,"href":"https:\/\/www.europesays.com\/fr\/wp-json\/wp\/v2\/media\/78355"}],"wp:attachment":[{"href":"https:\/\/www.europesays.com\/fr\/wp-json\/wp\/v2\/media?parent=78354"}],"wp:term":[{"taxonomy":"category","embeddable":true,"href":"https:\/\/www.europesays.com\/fr\/wp-json\/wp\/v2\/categories?post=78354"},{"taxonomy":"post_tag","embeddable":true,"href":"https:\/\/www.europesays.com\/fr\/wp-json\/wp\/v2\/tags?post=78354"}],"curies":[{"name":"wp","href":"https:\/\/api.w.org\/{rel}","templated":true}]}}