{"id":78380,"date":"2025-05-06T04:27:09","date_gmt":"2025-05-06T04:27:09","guid":{"rendered":"https:\/\/www.europesays.com\/fr\/78380\/"},"modified":"2025-05-06T04:27:09","modified_gmt":"2025-05-06T04:27:09","slug":"studio-m-la-nouvelle-ecole-specialisee-dans-les-metiers-de-limage-et-du-son","status":"publish","type":"post","link":"https:\/\/www.europesays.com\/fr\/78380\/","title":{"rendered":"Studio M, la nouvelle \u00e9cole sp\u00e9cialis\u00e9e dans les m\u00e9tiers de l&rsquo;image et du son"},"content":{"rendered":"<p>            Par<br \/>\n        <strong><br \/>\n            <a href=\"https:\/\/actu.fr\/auteur\/redaction-lerepublique\" title=\"Consulter tous les articles de R\u00e9daction La R\u00e9publique de Seine et Marne\" target=\"_blank\" rel=\"noopener\">R\u00e9daction La R\u00e9publique de Seine et Marne<\/a><br \/>\n        <\/strong><\/p>\n<p>        Publi\u00e9 le<\/p>\n<p>            5 mai 2025 \u00e0 12h56        <\/p>\n<p>L\u2019offre de formation dans le sud francilien s\u2019\u00e9tend. <b>Studio M<\/b>, <b>\u00e9cole reconnue <\/b>pour ses cursus d\u00e9di\u00e9s aux <b>m\u00e9tiers de l\u2019image<\/b> <b>et du son<\/b> a ouvert un nouveau campus \u00e0 La Cartonnerie de <a href=\"https:\/\/actu.fr\/ile-de-france\/dammarie-les-lys_77152\" target=\"_blank\" rel=\"noopener\">Dammarie-l\u00e8s-Lys<\/a> (<a href=\"https:\/\/actu.fr\/la-republique-de-seine-et-marne\/\" target=\"_blank\" rel=\"noopener\">Seine-et-Marne<\/a>) en octobre 2024. Elle souhaite poursuivre son d\u00e9veloppement et diversifier ses offres.\u00a0<\/p>\n<p class=\" wall-content\">Studio M est une des 23 enseignes du groupe Eduservices, un sp\u00e9cialiste de l\u2019enseignement sup\u00e9rieur priv\u00e9 en apprentissage, pr\u00e9sent dans 44 villes. Cette \u00e9cole a su s\u2019imposer comme un acteur majeur dans la formation aux m\u00e9tiers artistiques et audiovisuels.<\/p>\n<p>Dipl\u00f4mes reconnus<\/p>\n<p class=\" wall-content\">A la Cartonnerie, son offre de formation comprend des Bac + 2 avec des<b> BTS audiovisuel<\/b> pouvant int\u00e9grer diff\u00e9rentes options, mais aussi des Bac + 3 d\u00e9bouchant sur deux dipl\u00f4mes <b>Bachelor<\/b>. L\u2019un est intitul\u00e9 \u00a0\u00bb R\u00e9alisateur Monteur \u00a0\u00bb et l\u2019autre \u00a0\u00bb Sound Designer \u00ab\u00a0. L\u2019\u00e9cole d\u00e9livre \u00e9galement des titres RNCP, inscrits au R\u00e9pertoire national de la certification professionnelle, qui reconna\u00eet le caract\u00e8re officiel des dipl\u00f4mes.<\/p>\n<p class=\" wall-content\">A la rentr\u00e9e de septembre 2025, les \u00e9l\u00e8ves pourront profiter de l\u2019ouverture de<b> Studio mercier<\/b>, avec de nouvelles formations tourn\u00e9es vers la cr\u00e9ation num\u00e9rique : l\u2019infographie, la cr\u00e9ation de<b> jeux vid\u00e9o<\/b>, la cr\u00e9ation de<b> films d\u2019animation<\/b> 3D et l\u2019ing\u00e9nierie 3D.<\/p>\n<p class=\" wall-content\">Matthieu Ferrando, conseiller en formation, foisonne d\u2019id\u00e9es pour ses \u00e9tudiants. Lui-m\u00eame r\u00e9alisateur \u2013 et com\u00e9dien \u00e0 l\u2019occasion \u2013 il a occup\u00e9 diff\u00e9rents postes dans sa carri\u00e8re. \u00a0\u00bb La plupart des formateurs sont des professionnels de l\u2019image et du son encore en activit\u00e9, cela fait toute la diff\u00e9rence, car chacun peut transmettre son exp\u00e9rience\u00a0\u00bb, souligne-t-il.<\/p>\n<p class=\" wall-content\">Des travaux sont pr\u00e9vus pour am\u00e9liorer encore les conditions de travail et le bon fonctionnement de la formation des futurs \u00e9tudiants. Ainsi, en automne prochain, seront livr\u00e9s des <b>locaux neufs<\/b> gr\u00e2ce \u00e0 la r\u00e9cup\u00e9ration d\u2019un studio de tournage et d\u2019une salle informatique.<\/p>\n<p>Vid\u00e9os : en ce moment sur ActuPartenariats<\/p>\n<p class=\" wall-content\">Matthieu Ferrando relance \u00e9galement un <b>festival de court-m\u00e9trage<\/b>. Appel\u00e9 le \u00a0\u00bb 7e art du Lys \u00a0\u00bb entre 2007 et 2013, il reprend cette ann\u00e9e sous le nom de<b> Cin\u00e9lys<\/b>, en partenariat avec le cin\u00e9ma Path\u00e9. Ouvert \u00e0 tous, ce festival qui aura lieu le 24 mai prochain fera participer toutes les \u00e9coles Studio M de France et a d\u00e9j\u00e0 re\u00e7u 152 films participants. Les comit\u00e9s de s\u00e9lections doivent d\u00e9buter sous peu.<\/p>\n<p class=\" wall-content\">Mais l\u2019\u00e9quipe d\u2019enseignement ne s\u2019arr\u00eate pas l\u00e0. Des rapprochements avec la confr\u00e9rie du Brie ou le festival des Affolantes, qui se d\u00e9roulera en septembre 2025, sont aussi en cours afin de permettre aux \u00e9tudiants de<b> s\u2019initier aux reportages<\/b>. \u00ab\u00a0Une v\u00e9ritable \u00e9mulation se cr\u00e9e autour de cette \u00e9cole qui n\u2019a pas choisi ce nouveau campus pour rien, car il peut attirer des \u00e9tudiants de Seine-et-Marne, de l\u2019Essonne mais aussi du nord du Loiret et de l\u2019Yonne\u00a0\u00bb, termine Matthieu Ferrando. Une implantation strat\u00e9gique aux portes de Paris qui r\u00e9pond aux besoins croissants du secteur de l\u2019image et qui viendra dynamiser le tissu \u00e9conomique local.<\/p>\n<p>T\u00e9l : 01 84 26 04 10. Mail : <a href=\"https:\/\/actu.fr\/cdn-cgi\/l\/email-protection\" class=\"__cf_email__\" data-cfemail=\"a0c3cfced4c1c3d48dcdc5ccd5cee0d3d4d5c4c9cf8dcd8ec6d2\" target=\"_blank\" rel=\"noopener\">[email\u00a0protected]<\/a><\/p>\n<p class=\" wall-content\">Suivez toute l\u2019actualit\u00e9 de vos villes et m\u00e9dias favoris en vous inscrivant \u00e0 <a href=\"https:\/\/moncompte.actu.fr\" title=\"D\u00e9couvez Mon Actu\" rel=\"nofollow noopener\" data-trk=\"{&quot;cta&quot;:{&quot;action&quot;:&quot;https:\\\/\\\/moncompte.actu.fr&quot;,&quot;category&quot;:&quot;mon compte&quot;,&quot;from&quot;:&quot;article footer&quot;,&quot;name&quot;:&quot;Mon actu&quot;,&quot;type&quot;:&quot;cta&quot;}}\" target=\"_blank\">Mon Actu<\/a>.<\/p>\n","protected":false},"excerpt":{"rendered":"Par R\u00e9daction La R\u00e9publique de Seine et Marne Publi\u00e9 le 5 mai 2025 \u00e0 12h56 L\u2019offre de formation&hellip;\n","protected":false},"author":2,"featured_media":78381,"comment_status":"","ping_status":"","sticky":false,"template":"","format":"standard","meta":{"footnotes":""},"categories":[1358],"tags":[1348,1384,1385,1386,58,4019,59,1011,27,104],"class_list":{"0":"post-78380","1":"post","2":"type-post","3":"status-publish","4":"format-standard","5":"has-post-thumbnail","7":"category-arts-et-design","8":"tag-arts","9":"tag-arts-and-design","10":"tag-arts-et-design","11":"tag-design","12":"tag-divertissement","13":"tag-ecoles","14":"tag-entertainment","15":"tag-fr","16":"tag-france","17":"tag-societe"},"share_on_mastodon":{"url":"https:\/\/pubeurope.com\/@fr\/114459000413443982","error":""},"_links":{"self":[{"href":"https:\/\/www.europesays.com\/fr\/wp-json\/wp\/v2\/posts\/78380","targetHints":{"allow":["GET"]}}],"collection":[{"href":"https:\/\/www.europesays.com\/fr\/wp-json\/wp\/v2\/posts"}],"about":[{"href":"https:\/\/www.europesays.com\/fr\/wp-json\/wp\/v2\/types\/post"}],"author":[{"embeddable":true,"href":"https:\/\/www.europesays.com\/fr\/wp-json\/wp\/v2\/users\/2"}],"replies":[{"embeddable":true,"href":"https:\/\/www.europesays.com\/fr\/wp-json\/wp\/v2\/comments?post=78380"}],"version-history":[{"count":0,"href":"https:\/\/www.europesays.com\/fr\/wp-json\/wp\/v2\/posts\/78380\/revisions"}],"wp:featuredmedia":[{"embeddable":true,"href":"https:\/\/www.europesays.com\/fr\/wp-json\/wp\/v2\/media\/78381"}],"wp:attachment":[{"href":"https:\/\/www.europesays.com\/fr\/wp-json\/wp\/v2\/media?parent=78380"}],"wp:term":[{"taxonomy":"category","embeddable":true,"href":"https:\/\/www.europesays.com\/fr\/wp-json\/wp\/v2\/categories?post=78380"},{"taxonomy":"post_tag","embeddable":true,"href":"https:\/\/www.europesays.com\/fr\/wp-json\/wp\/v2\/tags?post=78380"}],"curies":[{"name":"wp","href":"https:\/\/api.w.org\/{rel}","templated":true}]}}