{"id":78391,"date":"2025-05-06T04:33:08","date_gmt":"2025-05-06T04:33:08","guid":{"rendered":"https:\/\/www.europesays.com\/fr\/78391\/"},"modified":"2025-05-06T04:33:08","modified_gmt":"2025-05-06T04:33:08","slug":"trois-departs-fracassants-actes-chez-rmc","status":"publish","type":"post","link":"https:\/\/www.europesays.com\/fr\/78391\/","title":{"rendered":"Trois d\u00e9parts fracassants act\u00e9s chez RMC"},"content":{"rendered":"<p><strong>La r\u00e9daction sport de RMC<br \/>\ns\u2019appr\u00eate \u00e0 perdre trois voix qui comptent.<\/strong><\/p>\n<p><strong><a href=\"https:\/\/www.sports.fr\/medias\" rel=\"nofollow noopener\" target=\"_blank\">Le paysage<br \/>\nradiophonique fran\u00e7ais<\/a><\/strong> va quelque peu changer avec les<br \/>\nd\u00e9parts annonc\u00e9s de deux animateurs bien ancr\u00e9s dans la grille des<br \/>\nprogrammes sport de RMC: Nicolas Vilas et Thibaut Giangrande. Les<br \/>\ndeux comp\u00e8res de la libre antenne ont choisi de mettre fin \u00e0 leur<br \/>\ncollaboration avec le groupe RMC-BFM, rachet\u00e9 l\u2019\u00e9t\u00e9 dernier par CMA<br \/>\nMedia.<\/p>\n<p>Pour ce faire, les deux journalistes qui comptent 15 ann\u00e9es<br \/>\nd\u2019exp\u00e9rience dans le groupe ont d\u00e9cid\u00e9 d\u2019activer leur clause de<br \/>\ncession \u2013 une porte de sortie contractuelle n\u00e9goci\u00e9e qui s\u2019offre<br \/>\naux employ\u00e9s d\u2019une entreprise de presse \u00e0 son rachat. En<br \/>\nl\u2019occurrence, selon L\u2019Equipe, une indemnit\u00e9 de d\u00e9part calcul\u00e9e sur<br \/>\nla base d\u2019un mois de salaire par ann\u00e9e d\u2019anciennet\u00e9.<\/p>\n<blockquote class=\"twitter-tweet\"><p><a class=\"twitter-link\" rel=\"noindex, nofollow noopener\" href=\"https:\/\/twitter.com\/sports_fr\/status\/1919457961526661379\" target=\"_blank\"><\/p><\/blockquote>\n<p>Le quotidien sportif cite par ailleurs ce lundi le journaliste<br \/>\nind\u00e9pendant Cl\u00e9ment Garin, qui de son c\u00f4t\u00e9 r\u00e9v\u00e8le le choix de Jean<br \/>\nRessegui\u00e9 de quitter la maison RMC lui aussi. Selon les m\u00eames<br \/>\ndispositions. Incontournable commentateur des grandes soir\u00e9es<br \/>\nfootballistiques, \u00ab\u00a0Jano\u00a0\u00bb Ressegui\u00e9, 61 ans, officie sur<br \/>\nles ondes depuis 40 ans quant \u00e0 lui. Les trois int\u00e9ress\u00e9s devraient<br \/>\nquitter leurs fonctions \u00e0 la fin du mois de mai.<\/p>\n<p><script async src=\"https:\/\/platform.twitter.com\/widgets.js\" charset=\"utf-8\"><\/script><\/p>\n","protected":false},"excerpt":{"rendered":"La r\u00e9daction sport de RMC s\u2019appr\u00eate \u00e0 perdre trois voix qui comptent. Le paysage radiophonique fran\u00e7ais va quelque&hellip;\n","protected":false},"author":2,"featured_media":78392,"comment_status":"","ping_status":"","sticky":false,"template":"","format":"standard","meta":{"footnotes":""},"categories":[9],"tags":[2113,1011,27,60],"class_list":{"0":"post-78391","1":"post","2":"type-post","3":"status-publish","4":"format-standard","5":"has-post-thumbnail","7":"category-sports","8":"tag-breve","9":"tag-fr","10":"tag-france","11":"tag-sports"},"share_on_mastodon":{"url":"https:\/\/pubeurope.com\/@fr\/114459023990400589","error":""},"_links":{"self":[{"href":"https:\/\/www.europesays.com\/fr\/wp-json\/wp\/v2\/posts\/78391","targetHints":{"allow":["GET"]}}],"collection":[{"href":"https:\/\/www.europesays.com\/fr\/wp-json\/wp\/v2\/posts"}],"about":[{"href":"https:\/\/www.europesays.com\/fr\/wp-json\/wp\/v2\/types\/post"}],"author":[{"embeddable":true,"href":"https:\/\/www.europesays.com\/fr\/wp-json\/wp\/v2\/users\/2"}],"replies":[{"embeddable":true,"href":"https:\/\/www.europesays.com\/fr\/wp-json\/wp\/v2\/comments?post=78391"}],"version-history":[{"count":0,"href":"https:\/\/www.europesays.com\/fr\/wp-json\/wp\/v2\/posts\/78391\/revisions"}],"wp:featuredmedia":[{"embeddable":true,"href":"https:\/\/www.europesays.com\/fr\/wp-json\/wp\/v2\/media\/78392"}],"wp:attachment":[{"href":"https:\/\/www.europesays.com\/fr\/wp-json\/wp\/v2\/media?parent=78391"}],"wp:term":[{"taxonomy":"category","embeddable":true,"href":"https:\/\/www.europesays.com\/fr\/wp-json\/wp\/v2\/categories?post=78391"},{"taxonomy":"post_tag","embeddable":true,"href":"https:\/\/www.europesays.com\/fr\/wp-json\/wp\/v2\/tags?post=78391"}],"curies":[{"name":"wp","href":"https:\/\/api.w.org\/{rel}","templated":true}]}}