{"id":78405,"date":"2025-05-06T04:40:14","date_gmt":"2025-05-06T04:40:14","guid":{"rendered":"https:\/\/www.europesays.com\/fr\/78405\/"},"modified":"2025-05-06T04:40:14","modified_gmt":"2025-05-06T04:40:14","slug":"saint-etienne-un-enieme-bureau-de-poste-contraint-de-fermer-cest-lhecatombe","status":"publish","type":"post","link":"https:\/\/www.europesays.com\/fr\/78405\/","title":{"rendered":"Saint-\u00c9tienne. Un \u00e9ni\u00e8me bureau de poste contraint de fermer : \u00ab\u00a0C&rsquo;est l&rsquo;h\u00e9catombe\u00a0\u00bb"},"content":{"rendered":"<p>            Par<br \/>\n        <strong><br \/>\n            <a href=\"https:\/\/actu.fr\/auteur\/julien-sournies\" title=\"Consulter tous les articles de Julien Sournies\" rel=\"nofollow noopener\" target=\"_blank\">Julien Sournies<\/a><br \/>\n        <\/strong><\/p>\n<p>        Publi\u00e9 le<\/p>\n<p>            6 mai 2025 \u00e0 6h00        <\/p>\n<p>\u00ab\u2009C\u2019est vraiment l\u2019h\u00e9catombe. \u00c7a ne s\u2019arr\u00eate plus depuis plusieurs ann\u00e9es\u2009\u00bb, s\u2019inqui\u00e8te Thierry Maisonneuve, secr\u00e9taire d\u00e9partemental de la F\u00e9d\u00e9ration des activit\u00e9s postales et t\u00e9l\u00e9coms (FAPT) de la CGT, aupr\u00e8s d\u2019actu Saint-\u00c9tienne. Dans les mois \u00e0 venir, le bureau de poste de Badouill\u00e8re, situ\u00e9 rue Gambetta \u00e0 <a href=\"https:\/\/actu.fr\/saint-etienne\/\" rel=\"nofollow noopener\" target=\"_blank\">Saint-\u00c9tienne<\/a> (<a href=\"https:\/\/actu.fr\/auvergne-rhone-alpes\/loire_42\" rel=\"nofollow noopener\" target=\"_blank\">Loire<\/a>), devrait d\u00e9finitivement <strong>baisser le rideau<\/strong>. Une annonce qui a agi comme la goutte de trop pour les syndicats, commer\u00e7ants et riverains.<\/p>\n<p>Onze fermetures en moins de dix ans<\/p>\n<p class=\" wall-content\">Car depuis pr\u00e8s de 10\u00a0ans d\u00e9sormais, les bureaux de postes<strong> ferment \u00e0 tour de bras<\/strong> dans la capitale de la Loire. En effet, \u00e0 ce jour, on en d\u00e9nombre pas moins de onze avec la r\u00e9cente fermeture de celui de Richelandi\u00e8re fin mars.<\/p>\n<p class=\" wall-content\">Face \u00e0 cette situation jug\u00e9e \u00ab\u2009pr\u00e9occupante\u2009\u00bb, la CGT Fapt et Sud Solidaires PTT invitent ainsi les commer\u00e7ants du quartier, les \u00e9lus de la municipalit\u00e9 et les habitants \u00e0 <strong>manifester devant le bureau de poste<\/strong> de la Badouill\u00e8re ce mardi 6\u00a0mai \u00e0 10\u00a0heures. Une p\u00e9tition a par ailleurs vu le jour, laquelle a r\u00e9colt\u00e9 un peu plus de 1\u2009000 signatures \u00e0 l\u2019heure o\u00f9 nous \u00e9crivons ces lignes.<\/p>\n<blockquote class=\"ac-article-quote wall-content\">\n<p>Rien de plus clair, la poste ferme unilat\u00e9ralement des bureaux de poste, sans en r\u00e9f\u00e9rer aux \u00e9lus, sans les usagers, sans son propre personnel guichetier. Sans m\u00eame son \u00e9quipe directrice locale et sans aucun dialogue social aupr\u00e8s des organisations syndicales.<\/p>\n<p>    <strong>CGT FAPT Loire<\/strong>\n            <\/p><\/blockquote>\n<p>\u00ab\u2009Une direction qui fait la sourde oreille\u2009\u00bb<\/p>\n<p class=\" wall-content\">Selon Thierry Maisonneuve, il est clair que \u00ab\u2009nous avons <strong>une direction qui fait la sourde oreille<\/strong>. Certes, elle applique la politique de La Poste, mais comme \u00e7a, on ne s\u2019en sortira pas\u2009\u00bb, t\u00e9moigne avec d\u00e9pit celui qui travaille \u00e0 La Poste depuis plus de 42\u00a0ans.<\/p>\n<p class=\" wall-content\">Outre les emplois menac\u00e9s, cette fermeture va continuer de d\u00e9s\u00e9paissir l\u2019offre dans le c\u0153ur de la ville. En effet, si le bureau de poste de la Badouill\u00e8re venait bel et bien \u00e0 dispara\u00eetre, les habitants du centre-ville ne pourront plus compter que sur le seul bureau de la Grand\u2019Poste, situ\u00e9 avenue de la Lib\u00e9ration.<\/p>\n<p class=\" wall-content\">\u00ab\u2009Le probl\u00e8me, c\u2019est que cette fermeture va impacter beaucoup trop de monde. \u00c0 commencer par les personnes \u00e2g\u00e9es car elles sont nombreuses \u00e0 avoir des difficult\u00e9s \u00e0 se d\u00e9placer. \u00c7a va \u00eatre plus compliqu\u00e9 pour elles\u2009\u00bb, s\u2019exasp\u00e8re le syndicaliste.<\/p>\n<p>Les commer\u00e7ants fortement impact\u00e9s<\/p>\n<p class=\" wall-content\">Les commer\u00e7ants, quant \u00e0 eux, risquent \u00e9galement d\u2019en <strong>p\u00e2tir<\/strong>. \u00ab\u2009\u00c7a les arrange bien d\u2019avoir des bureaux de postes dans leurs environs. Avec ces multiples fermetures, ils n\u2019ont pas envie \u00e0 terme de devenir le relais de poste et c\u2019est normal\u2009\u00bb, poursuit le secr\u00e9taire d\u00e9partemental de la FAPT de la CGT.<\/p>\n<p class=\" wall-content\">En tout cas, une chose est s\u00fbre, le piquet de gr\u00e8ve sera install\u00e9 tr\u00e8s t\u00f4t ce mardi 6\u00a0mai. \u00ab\u2009Nous les attendons nombreux pour d\u00e9noncer les agissements d\u2019une entreprise qui s\u2019\u00e9loigne de plus en plus de ses missions de service public afin de g\u00e9n\u00e9rer toujours plus de profits, sans se soucier des personnels et des usagers\u2009\u00bb, esp\u00e8rent les syndicats.<\/p>\n<p class=\" wall-content\">Et Thierry Maisonneuve de conclure\u2009: \u00ab\u2009Ce qui est s\u00fbr c\u2019est que les gens ont besoin du maintien des services publiques dans la ville. En tout cas, on essaye de faire ce qu\u2019on peut et on esp\u00e8re que \u00e7a pourra faire bouger les choses car, forc\u00e9ment, on craint le pire.\u2009\u00bb<\/p>\n<p class=\" wall-content\">Suivez toute l\u2019actualit\u00e9 de vos villes et m\u00e9dias favoris en vous inscrivant \u00e0 <a href=\"https:\/\/moncompte.actu.fr\" title=\"D\u00e9couvez Mon Actu\" rel=\"nofollow noopener\" data-trk=\"{&quot;cta&quot;:{&quot;action&quot;:&quot;https:\\\/\\\/moncompte.actu.fr&quot;,&quot;category&quot;:&quot;mon compte&quot;,&quot;from&quot;:&quot;article footer&quot;,&quot;name&quot;:&quot;Mon actu&quot;,&quot;type&quot;:&quot;cta&quot;}}\" target=\"_blank\">Mon Actu<\/a>.<\/p>\n","protected":false},"excerpt":{"rendered":"Par Julien Sournies Publi\u00e9 le 6 mai 2025 \u00e0 6h00 \u00ab\u2009C\u2019est vraiment l\u2019h\u00e9catombe. \u00c7a ne s\u2019arr\u00eate plus depuis&hellip;\n","protected":false},"author":2,"featured_media":78406,"comment_status":"","ping_status":"","sticky":false,"template":"","format":"standard","meta":{"footnotes":""},"categories":[9653],"tags":[1111,11,2430,1777,674,1011,27,3316,1272,12,25,4001,104],"class_list":{"0":"post-78405","1":"post","2":"type-post","3":"status-publish","4":"format-standard","5":"has-post-thumbnail","7":"category-saint-etienne","8":"tag-actu","9":"tag-actualites","10":"tag-auvergne-rhone-alpes","11":"tag-eu","12":"tag-europe","13":"tag-fr","14":"tag-france","15":"tag-la-poste","16":"tag-manifestations","17":"tag-news","18":"tag-republique-francaise","19":"tag-saint-etienne","20":"tag-societe"},"share_on_mastodon":{"url":"https:\/\/pubeurope.com\/@fr\/114459051615962164","error":""},"_links":{"self":[{"href":"https:\/\/www.europesays.com\/fr\/wp-json\/wp\/v2\/posts\/78405","targetHints":{"allow":["GET"]}}],"collection":[{"href":"https:\/\/www.europesays.com\/fr\/wp-json\/wp\/v2\/posts"}],"about":[{"href":"https:\/\/www.europesays.com\/fr\/wp-json\/wp\/v2\/types\/post"}],"author":[{"embeddable":true,"href":"https:\/\/www.europesays.com\/fr\/wp-json\/wp\/v2\/users\/2"}],"replies":[{"embeddable":true,"href":"https:\/\/www.europesays.com\/fr\/wp-json\/wp\/v2\/comments?post=78405"}],"version-history":[{"count":0,"href":"https:\/\/www.europesays.com\/fr\/wp-json\/wp\/v2\/posts\/78405\/revisions"}],"wp:featuredmedia":[{"embeddable":true,"href":"https:\/\/www.europesays.com\/fr\/wp-json\/wp\/v2\/media\/78406"}],"wp:attachment":[{"href":"https:\/\/www.europesays.com\/fr\/wp-json\/wp\/v2\/media?parent=78405"}],"wp:term":[{"taxonomy":"category","embeddable":true,"href":"https:\/\/www.europesays.com\/fr\/wp-json\/wp\/v2\/categories?post=78405"},{"taxonomy":"post_tag","embeddable":true,"href":"https:\/\/www.europesays.com\/fr\/wp-json\/wp\/v2\/tags?post=78405"}],"curies":[{"name":"wp","href":"https:\/\/api.w.org\/{rel}","templated":true}]}}