{"id":784271,"date":"2026-03-08T12:49:23","date_gmt":"2026-03-08T12:49:23","guid":{"rendered":"https:\/\/www.europesays.com\/fr\/784271\/"},"modified":"2026-03-08T12:49:23","modified_gmt":"2026-03-08T12:49:23","slug":"quiz-etes-vous-incollable-sur-la-sante-des-femmes","status":"publish","type":"post","link":"https:\/\/www.europesays.com\/fr\/784271\/","title":{"rendered":"QUIZ. \u00cates-vous incollable sur la sant\u00e9 des femmes\u00a0?"},"content":{"rendered":"<p>Connaissez-vous r\u00e9ellement les enjeux de la sant\u00e9 au f\u00e9minin\u00a0? \u00c0 l\u2019occasion de la Journ\u00e9e internationale des droits des femmes ce dimanche 8\u00a0mars, c\u2019est l\u2019occasion de v\u00e9rifier avec un quiz en dix questions. Longtemps rest\u00e9e dans l\u2019angle mort de la recherche scientifique, <a href=\"https:\/\/sante.ouest-france.fr\/sante-des-femmes\/\" target=\"_blank\" rel=\"nofollow noopener\">la sant\u00e9 des femmes<\/a> ne se r\u00e9sume pas \u00e0 la seule<a href=\"https:\/\/sante.ouest-france.fr\/grossesse\/\" target=\"_blank\" rel=\"nofollow noopener\"> sph\u00e8re reproductive<\/a>. Elle est aujourd\u2019hui au c\u0153ur d\u2019un combat pour l\u2019\u00e9quit\u00e9 des soins.<\/p>\n<p><strong>Lire aussi : <\/strong> <a href=\"https:\/\/rennes.maville.com\/actu\/actudet_-la-sante-des-femmes-a-2-000-ans-de-retard-elles-veulent-federer-les-initiatives-sur-la-sante-des-femmes-en-bretagne-_7-7079665_actu.Htm\" target=\"_blank\" rel=\"nofollow noopener\">\u00ab La sant\u00e9 des femmes a 2 000 ans de retard \u00bb: elles veulent f\u00e9d\u00e9rer les initiatives sur la sant\u00e9 des femmes en Bretagne<\/a><\/p>\n<p>L\u2019homme au c\u0153ur des recherches<\/p>\n<p>Pendant des d\u00e9cennies, le corps de l\u2019homme a servi de \u00ab\u00a0norme\u00a0\u00bb universelle dans les <a href=\"https:\/\/www.ouest-france.fr\/sante\/recherche-medicale\/\" target=\"_blank\" rel=\"nofollow noopener\">\u00e9tudes cliniques<\/a>. L\u2019absence de prise en compte des sp\u00e9cificit\u00e9s biologiques et hormonales des femmes a g\u00e9n\u00e9r\u00e9 des in\u00e9galit\u00e9s de sant\u00e9 flagrantes. R\u00e9sultat\u00a0: les femmes sont souvent diagnostiqu\u00e9es plus tardivement pour des pathologies communes. Par exemple, lors d\u2019un <a href=\"https:\/\/sante.ouest-france.fr\/maladies\/maladies-cardiaques\/\" target=\"_blank\" rel=\"nofollow noopener\">infarctus<\/a>, leurs sympt\u00f4mes\u00a0(naus\u00e9es, fatigue intense, douleurs dorsales) diff\u00e8rent de la douleur thoracique classique \u00ab\u00a0masculine\u00a0\u00bb, menant parfois \u00e0 une prise en charge trop tardive.<\/p>\n<p>Les tabous<\/p>\n<p>Mettre en lumi\u00e8re la sant\u00e9 des femmes, c\u2019est aussi briser le silence sur des maladies sp\u00e9cifiques qui touchent des millions de personnes mais b\u00e9n\u00e9ficient encore de budgets de recherche insuffisants.\u00a0<a href=\"https:\/\/sante.ouest-france.fr\/endometriose\/\" target=\"_blank\" rel=\"nofollow noopener\">L\u2019endom\u00e9triose<\/a> par exemple, cette maladie inflammatoire chronique qui touche 1\u00a0femme sur 10, a longtemps \u00e9t\u00e9 ignor\u00e9e ou consid\u00e9r\u00e9e comme de simples r\u00e8gles douloureuses. Les choses commencent \u00e0 \u00e9voluer gr\u00e2ce \u00e0 la m\u00e9diatisation des maux f\u00e9minins mais il y a encore du chemin \u00e0 parcourir.<br \/>SI vous pensez ma\u00eetriser ce sujet, ce quiz est fait pour vous. \u00c0 vous de jouer\u00a0!<\/p>\n<p>\u00a0<\/p>\n","protected":false},"excerpt":{"rendered":"Connaissez-vous r\u00e9ellement les enjeux de la sant\u00e9 au f\u00e9minin\u00a0? \u00c0 l\u2019occasion de la Journ\u00e9e internationale des droits des&hellip;\n","protected":false},"author":2,"featured_media":784272,"comment_status":"","ping_status":"","sticky":false,"template":"","format":"standard","meta":{"footnotes":"","_share_on_mastodon":"0"},"categories":[9619],"tags":[1111,11,24735,1777,674,4651,1011,27,55085,12,882,7767,25,71,2310],"class_list":["post-784271","post","type-post","status-publish","format-standard","has-post-thumbnail","category-toulon","tag-actu","tag-actualites","tag-etes-vous","tag-eu","tag-europe","tag-femmes","tag-fr","tag-france","tag-incollable","tag-news","tag-provence-alpes-cote-dazur","tag-quiz","tag-republique-francaise","tag-sante","tag-toulon"],"share_on_mastodon":{"url":"https:\/\/pubeurope.com\/@fr\/116193641520949560","error":""},"_links":{"self":[{"href":"https:\/\/www.europesays.com\/fr\/wp-json\/wp\/v2\/posts\/784271","targetHints":{"allow":["GET"]}}],"collection":[{"href":"https:\/\/www.europesays.com\/fr\/wp-json\/wp\/v2\/posts"}],"about":[{"href":"https:\/\/www.europesays.com\/fr\/wp-json\/wp\/v2\/types\/post"}],"author":[{"embeddable":true,"href":"https:\/\/www.europesays.com\/fr\/wp-json\/wp\/v2\/users\/2"}],"replies":[{"embeddable":true,"href":"https:\/\/www.europesays.com\/fr\/wp-json\/wp\/v2\/comments?post=784271"}],"version-history":[{"count":0,"href":"https:\/\/www.europesays.com\/fr\/wp-json\/wp\/v2\/posts\/784271\/revisions"}],"wp:featuredmedia":[{"embeddable":true,"href":"https:\/\/www.europesays.com\/fr\/wp-json\/wp\/v2\/media\/784272"}],"wp:attachment":[{"href":"https:\/\/www.europesays.com\/fr\/wp-json\/wp\/v2\/media?parent=784271"}],"wp:term":[{"taxonomy":"category","embeddable":true,"href":"https:\/\/www.europesays.com\/fr\/wp-json\/wp\/v2\/categories?post=784271"},{"taxonomy":"post_tag","embeddable":true,"href":"https:\/\/www.europesays.com\/fr\/wp-json\/wp\/v2\/tags?post=784271"}],"curies":[{"name":"wp","href":"https:\/\/api.w.org\/{rel}","templated":true}]}}