{"id":7843,"date":"2025-04-07T12:36:12","date_gmt":"2025-04-07T12:36:12","guid":{"rendered":"https:\/\/www.europesays.com\/fr\/7843\/"},"modified":"2025-04-07T12:36:12","modified_gmt":"2025-04-07T12:36:12","slug":"que-leurope-se-rappelle-de-ses-devoirs-humanitaires","status":"publish","type":"post","link":"https:\/\/www.europesays.com\/fr\/7843\/","title":{"rendered":"Que l\u2019Europe se rappelle de ses devoirs humanitaires"},"content":{"rendered":"<p class=\"frm\">Alessandro Di Bussolo<\/p>\n<p>L\u2019Europe enti\u00e8re doit prendre davantage conscience du r\u00f4le et des responsabilit\u00e9s qui lui incombent dans le monde, \u00absans c\u00e9der \u00e0 une logique d\u00e9fensive et \u00e0 un simple r\u00e9armement qui devient le pr\u00e9sage de fermetures et de nouveaux conflits\u00bb. Et penser \u00abau bien de l\u2019Europe n\u2019exempte pas de penser au bien de toute l\u2019humanit\u00e9\u00bb. Ainsi, dans la poursuite des priorit\u00e9s \u00abde comp\u00e9titivit\u00e9 et de d\u00e9fense\u00bb que la Commission europ\u00e9enne s\u2019est donn\u00e9e dans son nouveau mandat, \u00ables obligations morales telles que l\u2019aide humanitaire et le d\u00e9veloppement des pays les plus pauvres, le respect des droits de l\u2019homme et la protection de l\u2019environnement ne peuvent \u00eatre n\u00e9glig\u00e9es\u00bb. C\u2019est ce qu\u2019a soulign\u00e9 le cardinal-secr\u00e9taire d\u2019Etat Pietro Parolin lors de son intervention \u00e0 l\u2019Assembl\u00e9e pl\u00e9ni\u00e8re de la Commission des \u00e9piscopats de l\u2019Union europ\u00e9enne (Comece), qui s\u2019est tenue du 26 au 28 mars 2025.<\/p>\n<p>Le cardinal a abord\u00e9 de nombreuses questions d\u2019actualit\u00e9 pour la mission de l\u2019Eglise en Europe et plus particuli\u00e8rement en ce qui concerne l\u2019Union europ\u00e9enne et le travail de la Comece. A commencer par le r\u00f4le politique du continent face \u00e0 la politique \u00e9trang\u00e8re du nouveau gouvernement des Etats-Unis qui remet en question \u00ables relations atlantiques d\u00e9velopp\u00e9es depuis 1945 et consid\u00e9r\u00e9es par tous comme solides et durables\u00bb.<\/p>\n<p>Sur le conflit caus\u00e9 par l\u2019invasion russe de l\u2019Ukraine, le secr\u00e9taire d\u2019Etat a rappel\u00e9 la demande du Saint-Si\u00e8ge et de la Comece pour une \u00abfin n\u00e9goci\u00e9e de la guerre, une paix juste et durable, le respect du droit international et l\u2019effort commun pour la reconstruction\u00bb du pays envahi. Devant les observateurs de l\u2019Eglise gr\u00e9co-catholique ukrainienne, le cardinal a rappel\u00e9 le devoir d\u2019\u00ab\u00eatre proche du peuple ukrainien injustement agress\u00e9\u00bb et de demander \u00abaux parties bellig\u00e9rantes et \u00e0 l\u2019ensemble de la communaut\u00e9 internationale de faire tout leur possible pour trouver une solution rapide et juste\u00bb.<\/p>\n<p>Apr\u00e8s avoir \u00e9voqu\u00e9 les changements politiques dans de nombreux Etats membres de l\u2019Union europ\u00e9enne, mis en lumi\u00e8re par les \u00e9lections europ\u00e9ennes en juin 2024, Pietro Parolin a invit\u00e9 les \u00e9piscopats \u00e0 maintenir un dialogue ouvert et sinc\u00e8re avec toutes les forces politiques, en collaborant \u00aben faveur du bien commun en respectant \u00e9galement l\u2019autonomie l\u00e9gitime du milieu politique\u00bb. \u00abNotre engagement pour la d\u00e9fense de la vie\u00bb, de la \u00abfamille fond\u00e9e sur le mariage entre un homme et une femme\u00bb, de la libert\u00e9 \u00e0 l\u2019\u00e9ducation, \u00abdu respect de la dignit\u00e9 de chaque personne, en particulier des plus fragiles: les jeunes, les personnes \u00e2g\u00e9es, les ch\u00f4meurs, les immigr\u00e9s et les demandeurs d\u2019asile\u00bb ne peut pas faire d\u00e9faut.<\/p>\n<p>Mais le cardinal a constat\u00e9 que \u00abm\u00eame parmi les hommes politiques d\u2019inspiration chr\u00e9tienne, la conscience des valeurs qui ont contribu\u00e9 \u00e0 fonder les Communaut\u00e9s europ\u00e9ennes est moins forte\u00bb. C\u2019est pourquoi il a invit\u00e9 les \u00e9v\u00eaques \u00e0 \u00abprendre des initiatives visant \u00e0 la sensibilisation et \u00e0 la formation des chr\u00e9tiens engag\u00e9s en politique\u00bb et \u00e0 ne pas \u00eatre \u00abtimide\u00bb en \u00abdemandant aux hommes politiques catholiques un engagement plus coh\u00e9rent pour d\u00e9passer les logiques de parti\u00bb.<\/p>\n","protected":false},"excerpt":{"rendered":"Alessandro Di Bussolo L\u2019Europe enti\u00e8re doit prendre davantage conscience du r\u00f4le et des responsabilit\u00e9s qui lui incombent dans&hellip;\n","protected":false},"author":2,"featured_media":7844,"comment_status":"","ping_status":"","sticky":false,"template":"","format":"standard","meta":{"footnotes":""},"categories":[1586],"tags":[11,1777,674,1011,27,12,25,4193],"class_list":{"0":"post-7843","1":"post","2":"type-post","3":"status-publish","4":"format-standard","5":"has-post-thumbnail","7":"category-europe","8":"tag-actualites","9":"tag-eu","10":"tag-europe","11":"tag-fr","12":"tag-france","13":"tag-news","14":"tag-republique-francaise","15":"tag-vatican"},"share_on_mastodon":{"url":"https:\/\/pubeurope.com\/@fr\/114296716257138285","error":""},"_links":{"self":[{"href":"https:\/\/www.europesays.com\/fr\/wp-json\/wp\/v2\/posts\/7843","targetHints":{"allow":["GET"]}}],"collection":[{"href":"https:\/\/www.europesays.com\/fr\/wp-json\/wp\/v2\/posts"}],"about":[{"href":"https:\/\/www.europesays.com\/fr\/wp-json\/wp\/v2\/types\/post"}],"author":[{"embeddable":true,"href":"https:\/\/www.europesays.com\/fr\/wp-json\/wp\/v2\/users\/2"}],"replies":[{"embeddable":true,"href":"https:\/\/www.europesays.com\/fr\/wp-json\/wp\/v2\/comments?post=7843"}],"version-history":[{"count":0,"href":"https:\/\/www.europesays.com\/fr\/wp-json\/wp\/v2\/posts\/7843\/revisions"}],"wp:featuredmedia":[{"embeddable":true,"href":"https:\/\/www.europesays.com\/fr\/wp-json\/wp\/v2\/media\/7844"}],"wp:attachment":[{"href":"https:\/\/www.europesays.com\/fr\/wp-json\/wp\/v2\/media?parent=7843"}],"wp:term":[{"taxonomy":"category","embeddable":true,"href":"https:\/\/www.europesays.com\/fr\/wp-json\/wp\/v2\/categories?post=7843"},{"taxonomy":"post_tag","embeddable":true,"href":"https:\/\/www.europesays.com\/fr\/wp-json\/wp\/v2\/tags?post=7843"}],"curies":[{"name":"wp","href":"https:\/\/api.w.org\/{rel}","templated":true}]}}