{"id":78444,"date":"2025-05-06T05:01:09","date_gmt":"2025-05-06T05:01:09","guid":{"rendered":"https:\/\/www.europesays.com\/fr\/78444\/"},"modified":"2025-05-06T05:01:09","modified_gmt":"2025-05-06T05:01:09","slug":"quelles-solutions-a-laile-de-bordeaux-begles-pour-la-suite-de-la-saison","status":"publish","type":"post","link":"https:\/\/www.europesays.com\/fr\/78444\/","title":{"rendered":"quelles solutions \u00e0 l&rsquo;aile de Bordeaux-B\u00e8gles pour la suite de la saison"},"content":{"rendered":"<p>            Par<br \/>\n        <strong><br \/>\n            <a href=\"https:\/\/actu.fr\/auteur\/nicolas-dendri-actu-fr\" title=\"Consulter tous les articles de Nicolas Dendri\" target=\"_blank\" rel=\"noopener\">Nicolas Dendri<\/a><br \/>\n        <\/strong><\/p>\n<p>        Publi\u00e9 le<\/p>\n<p>            6 mai 2025 \u00e0 6h30        <\/p>\n<p>Il \u00e9tait en larmes \u00e0 la fin de la rencontre apr\u00e8s <a href=\"https:\/\/actu.fr\/nouvelle-aquitaine\/bordeaux_33063\/champions-cup-bordeaux-begles-renverse-toulouse-et-decroche-sa-premiere-finale-ce-qui-nous-a-plu-et-deplu_62593442.html\" target=\"_blank\" rel=\"noopener\">la victoire de Bordeaux-B\u00e8gles<\/a>. Du bonheur m\u00eal\u00e9 \u00e0 la tristesse d\u2019une blessure qui pourrait lui faire manquer <a href=\"https:\/\/actu.fr\/nouvelle-aquitaine\/bordeaux_33063\/champions-cup-ou-quand-et-sur-quelle-chaine-voir-la-finale-norhtampton-bordeaux-begles_62594336.html\" target=\"_blank\" rel=\"noopener\">la finale de Champions Cup contre Northampton<\/a>. Touch\u00e9 \u00e0 la cheville gauche, <strong>Damian Penaud<\/strong> a \u00e9t\u00e9 contraint de sortir en demi-finale face \u00e0 Toulouse, ce dimanche 4 mai. Un coup dur pour l\u2019ailier bordelais qui semblait <strong>s\u00e9v\u00e8rement bless\u00e9<\/strong>.\u00a0<\/p>\n<p>Damian Penaud touch\u00e9 \u00e0 la cheville gauche<\/p>\n<p class=\" wall-content\">Apr\u00e8s l\u2019essai de Pierre-Louis Barassi \u00e0 la 54e minute (25-18), le renvoi des Toulousains a \u00e9t\u00e9 fatal \u00e0 Damian Penaud. En tentant d\u2019aller \u00e0 la lutte dans les airs, le meilleur marqueur d\u2019essai de l\u2019histoire sur une \u00e9dition de Champions Cup s\u2019est mal r\u00e9ceptionn\u00e9 sur <strong>sa jambe gauche<\/strong>.<\/p>\n<p class=\" wall-content\">L\u2019international aux 56 s\u00e9lections avec le XV de France est rest\u00e9 au sol avant de sortir avec l\u2019aide de deux soigneurs. En rejoignant le banc, l\u2019ailier de l\u2019UBB pouvait difficilement poser son pied gauche au sol. Des images inqui\u00e9tantes par rapport \u00e0 la fin de saison de Bordeaux-B\u00e8gles en attendant le diagnostic exact des examens m\u00e9dicaux qui devrait intervenir au plus t\u00f4t en milieu de semaine.<\/p>\n<p class=\" wall-content\">\u00c0 noter qu\u2019en cas de \u00ab\u00a0simple entorse\u00a0\u00bb \u00e0 la cheville, Damian Penaud conserverait tout de m\u00eame quelques chances de revenir avant la fin de saison. Voire m\u00eame de postuler pour la finale de Champions Cup le 24 mai.<\/p>\n<p>Quelles solutions \u00e0 l\u2019aile pour l\u2019UBB ?<\/p>\n<p class=\" wall-content\">Avec <a href=\"https:\/\/actu.fr\/nouvelle-aquitaine\/bordeaux_33063\/finale-de-champions-cup-et-qualification-en-top-14-bordeaux-begles-face-a-un-calendrier-casse-tete_62595081.html\" target=\"_blank\" rel=\"noopener\">une fin de saison tonitruante<\/a> pour l\u2019Union Bordeaux-B\u00e8gles, comment Yannick Bru et son staff pourraient pallier une potentielle lourde blessure de Damian Penaud ? Entr\u00e9e \u00e0 sa place face \u00e0 Toulouse, <strong>Arthur Reti\u00e8re<\/strong> est la doublure naturelle notamment durant les p\u00e9riodes de doublon.\u00a0<\/p>\n<p>Vid\u00e9os : en ce moment sur Actu<\/p>\n<p class=\" wall-content\">Autre solution avec <strong>Pablo Uberti<\/strong> qui a jou\u00e9 10 matchs \u00e0 l\u2019aile cette saison. Mais le Bordelais de 27 ans reste avant tout une solution au poste de trois-quarts centre. Restent alors deux autres possibilit\u00e9s logiques avec <strong>Enzo Reybier<\/strong> qui a jou\u00e9 7 rencontres cette saison et la p\u00e9pite <strong>Jon Echegaray<\/strong> qui a jou\u00e9 une fois \u00e0 l\u2019aile face \u00e0 Perpignan lors de la 18e journ\u00e9e.\u00a0<\/p>\n<p class=\" wall-content\">Enfin, Yannick Bru pourrait aussi miser sur l\u2019originalit\u00e9 comme lors de la 16e journ\u00e9e. Le staff de l\u2019UBB avait titularis\u00e9 \u00e0 l\u2019aile l\u2019habituel num\u00e9ro 8 <strong>Pete Samu\u00a0<\/strong>face \u00e0 Bayonne.\u00a0<\/p>\n<p class=\" wall-content\">Suivez toute l\u2019actualit\u00e9 de vos villes et m\u00e9dias favoris en vous inscrivant \u00e0 <a href=\"https:\/\/moncompte.actu.fr\" title=\"D\u00e9couvez Mon Actu\" rel=\"nofollow noopener\" data-trk=\"{&quot;cta&quot;:{&quot;action&quot;:&quot;https:\\\/\\\/moncompte.actu.fr&quot;,&quot;category&quot;:&quot;mon compte&quot;,&quot;from&quot;:&quot;article footer&quot;,&quot;name&quot;:&quot;Mon actu&quot;,&quot;type&quot;:&quot;cta&quot;}}\" target=\"_blank\">Mon Actu<\/a>.<\/p>\n<ul class=\"ac-article-tag wall-content\">\n<li><a href=\"https:\/\/actu.fr\/tag\/damian-penaud\" data-trk=\"{&quot;cta&quot;:{&quot;action&quot;:&quot;Damian Penaud&quot;,&quot;category&quot;:&quot;tag&quot;,&quot;from&quot;:&quot;article footer&quot;,&quot;name&quot;:&quot;Damian Penaud&quot;,&quot;type&quot;:&quot;cta&quot;}}\" target=\"_blank\" rel=\"noopener\">#Damian Penaud<\/a><\/li>\n<li><a href=\"https:\/\/actu.fr\/tag\/usb-union-bordeaux-begles\" data-trk=\"{&quot;cta&quot;:{&quot;action&quot;:&quot;UBB Union Bordeaux B\\u00e8gles&quot;,&quot;category&quot;:&quot;tag&quot;,&quot;from&quot;:&quot;article footer&quot;,&quot;name&quot;:&quot;UBB Union Bordeaux B\\u00e8gles&quot;,&quot;type&quot;:&quot;cta&quot;}}\" target=\"_blank\" rel=\"noopener\">#UBB Union Bordeaux B\u00e8gles<\/a><\/li>\n<\/ul>\n","protected":false},"excerpt":{"rendered":"Par Nicolas Dendri Publi\u00e9 le 6 mai 2025 \u00e0 6h30 Il \u00e9tait en larmes \u00e0 la fin de&hellip;\n","protected":false},"author":2,"featured_media":78445,"comment_status":"","ping_status":"","sticky":false,"template":"","format":"standard","meta":{"footnotes":""},"categories":[2817],"tags":[1111,11,1997,1089,4363,1777,674,1011,27,12,2219,3788,25,479,60,478,4435],"class_list":{"0":"post-78444","1":"post","2":"type-post","3":"status-publish","4":"format-standard","5":"has-post-thumbnail","7":"category-bordeaux","8":"tag-actu","9":"tag-actualites","10":"tag-bordeaux","11":"tag-coupe-deurope","12":"tag-damian-penaud","13":"tag-eu","14":"tag-europe","15":"tag-fr","16":"tag-france","17":"tag-news","18":"tag-nouvelle-aquitaine","19":"tag-pro","20":"tag-republique-francaise","21":"tag-rugby","22":"tag-sports","23":"tag-top-14","24":"tag-ubb-union-bordeaux-begles"},"share_on_mastodon":{"url":"https:\/\/pubeurope.com\/@fr\/114459134073931544","error":""},"_links":{"self":[{"href":"https:\/\/www.europesays.com\/fr\/wp-json\/wp\/v2\/posts\/78444","targetHints":{"allow":["GET"]}}],"collection":[{"href":"https:\/\/www.europesays.com\/fr\/wp-json\/wp\/v2\/posts"}],"about":[{"href":"https:\/\/www.europesays.com\/fr\/wp-json\/wp\/v2\/types\/post"}],"author":[{"embeddable":true,"href":"https:\/\/www.europesays.com\/fr\/wp-json\/wp\/v2\/users\/2"}],"replies":[{"embeddable":true,"href":"https:\/\/www.europesays.com\/fr\/wp-json\/wp\/v2\/comments?post=78444"}],"version-history":[{"count":0,"href":"https:\/\/www.europesays.com\/fr\/wp-json\/wp\/v2\/posts\/78444\/revisions"}],"wp:featuredmedia":[{"embeddable":true,"href":"https:\/\/www.europesays.com\/fr\/wp-json\/wp\/v2\/media\/78445"}],"wp:attachment":[{"href":"https:\/\/www.europesays.com\/fr\/wp-json\/wp\/v2\/media?parent=78444"}],"wp:term":[{"taxonomy":"category","embeddable":true,"href":"https:\/\/www.europesays.com\/fr\/wp-json\/wp\/v2\/categories?post=78444"},{"taxonomy":"post_tag","embeddable":true,"href":"https:\/\/www.europesays.com\/fr\/wp-json\/wp\/v2\/tags?post=78444"}],"curies":[{"name":"wp","href":"https:\/\/api.w.org\/{rel}","templated":true}]}}