{"id":78450,"date":"2025-05-06T05:04:11","date_gmt":"2025-05-06T05:04:11","guid":{"rendered":"https:\/\/www.europesays.com\/fr\/78450\/"},"modified":"2025-05-06T05:04:11","modified_gmt":"2025-05-06T05:04:11","slug":"fabriquees-pres-de-lille-ces-gourmandises-font-encore-partie-des-meilleures-de-france","status":"publish","type":"post","link":"https:\/\/www.europesays.com\/fr\/78450\/","title":{"rendered":"Fabriqu\u00e9es pr\u00e8s de Lille, ces gourmandises font encore partie des meilleures de France\u00a0!"},"content":{"rendered":"<p>            Par<br \/>\n        <strong><br \/>\n            <a href=\"https:\/\/actu.fr\/auteur\/hervine-mahaud\" title=\"Consulter tous les articles de Hervine Mahaud\" rel=\"nofollow noopener\" target=\"_blank\">Hervine Mahaud<\/a><br \/>\n        <\/strong><\/p>\n<p>        Publi\u00e9 le<\/p>\n<p>            6 mai 2025 \u00e0 6h04        <\/p>\n<p>Et de trois ! <b>Maison Bonheur<\/b>, un <b>commerce<\/b> situ\u00e9 \u00e0 <a href=\"https:\/\/actu.fr\/hauts-de-france\/marcq-en-baroeul_59378\" rel=\"nofollow noopener\" target=\"_blank\"><b>Marcq-en-Baroeul<\/b><\/a> dans la <b>m\u00e9tropole de Lille<\/b>, s\u2019est une nouvelle fois illustr\u00e9 lors d\u2019un <b>grand concours national<\/b>. Le lundi 28 avril 2025, les <b>guimauves artisanales fabriqu\u00e9es par la petite entreprise familiale<\/b> ont de nouveau fait chavirer le c\u0153ur (et les papilles !) du jury des <b>\u00c9picures<\/b>, <b>concours national qui regroupe le meilleur des artisans et des \u00e9piciers de France<\/b>. Et c\u2019est une toute <b>nouvelle recette<\/b>, qui a demand\u00e9 un long travail de recherche, <b>qui a \u00e9t\u00e9 prim\u00e9e<\/b>.<\/p>\n<p>Une m\u00e9daille d\u2019argent pour les guimauves au caf\u00e9<\/p>\n<p class=\" wall-content\">C\u2019est un peu comme les \u00ab\u00a0Oscars\u00a0\u00bb, dans le milieu de l\u2019\u00e9picerie fine. Chaque ann\u00e9e, le concours des \u00c9picures r\u00e9compense des produits d\u2019\u00e9picerie, sal\u00e9s ou sucr\u00e9s, fabriqu\u00e9s partout en France. Et pour la 12\u00e8me \u00e9dition du salon, la m\u00e9tropole lilloise a de nouveau fait sensation. Parmi les prim\u00e9s de cette ann\u00e9e, on retrouve notamment le <a href=\"https:\/\/actu.fr\/hauts-de-france\/lille_59350\/oxalis-bergamotte-salon-patisseries-va-enchanter-gouters-ouvre-lille_23890963.html\" rel=\"nofollow noopener\" target=\"_blank\">salon de p\u00e2tisserie Oxalis et Bergamote<\/a> situ\u00e9 dans le Vieux-Lille, mais aussi <a href=\"https:\/\/actu.fr\/hauts-de-france\/marcq-en-baroeul_59378\/pour-noel-maison-bonheur-a-marcq-lance-sa-box-ultra-gourmande-de-produits-artisanaux_46530284.html\" rel=\"nofollow noopener\" target=\"_blank\">Maison Bonheur, un commerce ind\u00e9pendant install\u00e9 \u00e0 Marcq-en-Baroeul<\/a>.<\/p>\n<p class=\" wall-content\">Pour la 3\u00e8me ann\u00e9e cons\u00e9cutive, la petite soci\u00e9t\u00e9 familiale repart avec une jolie m\u00e9daille. Apr\u00e8s <a href=\"https:\/\/actu.fr\/hauts-de-france\/marcq-en-baroeul_59378\/fabriquees-pres-de-lille-ces-guimauves-sont-parmi-les-meilleures-de-france_59695001.html\" rel=\"nofollow noopener\" target=\"_blank\">l\u2019argent en 2023 pour les guimauves framboise<\/a> et <a href=\"https:\/\/actu.fr\/hauts-de-france\/marcq-en-baroeul_59378\/fabriquee-a-marcq-en-baroeul-cette-gourmandise-chocolatee-a-recu-un-prix-tres-prestigieux_61099444.html\" rel=\"nofollow noopener\" target=\"_blank\">le bronze en 2024 pour celles au chocolat<\/a>, ce sont cette fois celle au caf\u00e9 qui ont permis \u00e0 l\u2019entreprise d\u2019acc\u00e9der \u00e0 une belle deuxi\u00e8me place.<\/p>\n<p class=\" wall-content\"><a href=\"https:\/\/www.instagram.com\/p\/DC6JrsXorLF\/embed\" title=\"Ouvrir le lien sur Instagram\" rel=\"nofollow noopener\" target=\"_blank\">Visualiser le contenu sur Instagram<\/a><\/p>\n<p>Un an de tests pour aboutir \u00e0 la recette parfaite<\/p>\n<p class=\" wall-content\">Mais il aura fallu de nombreux tests, et parfois quelques rat\u00e9s, pour aboutir \u00e0 une recette convaincante. D\u2019autant que le jury de professionnels, qui remet les m\u00e9dailles, est intransigeant. \u00ab\u00a0Cela fait un an que je travaille sur cette recette. Ce n\u2019est pas \u00e9vident de faire une guimauve bien dos\u00e9e en caf\u00e9\u00a0\u00bb, confie L\u00e9a Paget, co-fondatrice de Maison Bonheur.<\/p>\n<p>      <img   decoding=\"async\" loading=\"lazy\" class=\"size-large\" src=\"https:\/\/www.europesays.com\/fr\/wp-content\/uploads\/2025\/05\/1856bcbdc8186ec56bcbdc8188b76bv-960x640.jpg\" alt=\"De nombreux tests ont \u00e9t\u00e9 n\u00e9cessaires pour aboutir \u00e0 la recette parfaite.\" width=\"960\" height=\"640\"\/><br \/>\n    De nombreux tests ont \u00e9t\u00e9 n\u00e9cessaires pour aboutir \u00e0 la recette parfaite. \u00a9Maison BonheurVid\u00e9os : en ce moment sur Actu<\/p>\n<p class=\" wall-content\">Comme pour les autres guimauves propos\u00e9es par l\u2019enseigne, on retrouve une texture tr\u00e8s a\u00e9rienne, comme un nuage, qui fond en bouche. Le caf\u00e9 utilis\u00e9 est un caf\u00e9 bio d\u2019\u00c9thiopie 100 % arabica. \u00ab\u00a0Il est connu pour sa puissance aromatique. On vient l\u2019adoucir avec une touche de vanille de Madagascar.\u00a0\u00bb Au final, le r\u00e9sultat est tr\u00e8s doux et \u00ab\u00a0laisse l\u2019effet d\u2019un caf\u00e9 expresso en bouche\u00a0\u00bb.\u00a0<\/p>\n<p class=\" wall-content\">Cette gourmandise est, par ailleurs, peu sucr\u00e9e \u00ab\u00a0comme la majorit\u00e9 de nos produits\u00a0\u00bb. \u00ab\u00a0L\u2019id\u00e9e depuis le d\u00e9but de la cr\u00e9ation de notre marque est de proposer des gourmandises de qualit\u00e9, moins sucr\u00e9es et surtout sans colorant ni ar\u00f4me !\u00a0\u00bb<\/p>\n<p>      <img   decoding=\"async\" loading=\"lazy\" class=\"size-large\" src=\"https:\/\/www.europesays.com\/fr\/wp-content\/uploads\/2025\/05\/e4d95dbdc8186bad95dbdc8181fd95v-960x640.jpg\" alt=\"Maison Bonheur a remport\u00e9 un prix trois ann\u00e9es de suite.\" width=\"960\" height=\"640\"\/><br \/>\n    Maison Bonheur a remport\u00e9 un prix trois ann\u00e9es de suite. \u00a9Hervine Mahaud<\/p>\n<p class=\" wall-content\">Caf\u00e9, framboise, fleur d\u2019oranger, vanille ou mangue-passion (la derni\u00e8re nouveaut\u00e9)\u2026 Les guimauves de Maison Bonheur se d\u00e9clinent en de nombreuses saveurs, toutes plus d\u00e9licieuses les unes que les autres. Comptez 8,90 \u20ac pour une bo\u00eete de 100 gr. Pour se les procurer, l\u2019enseigne dispose de <a href=\"https:\/\/createursdegourmandises.com\/\" rel=\"nofollow noopener\" target=\"_blank\">sa boutique en ligne<\/a>, en compl\u00e9ment de son commerce install\u00e9 au 16, boulevard Clemenceau \u00e0 Marcq-en-Bar\u0153ul. Une belle id\u00e9e de cadeau gourmand \u00e0 (s\u2019)offrir.<\/p>\n<p class=\" wall-content\">Suivez toute l\u2019actualit\u00e9 de vos villes et m\u00e9dias favoris en vous inscrivant \u00e0 <a href=\"https:\/\/moncompte.actu.fr\" title=\"D\u00e9couvez Mon Actu\" rel=\"nofollow noopener\" data-trk=\"{&quot;cta&quot;:{&quot;action&quot;:&quot;https:\\\/\\\/moncompte.actu.fr&quot;,&quot;category&quot;:&quot;mon compte&quot;,&quot;from&quot;:&quot;article footer&quot;,&quot;name&quot;:&quot;Mon actu&quot;,&quot;type&quot;:&quot;cta&quot;}}\" target=\"_blank\">Mon Actu<\/a>.<\/p>\n<p>                    <script async src=\"\/\/www.instagram.com\/embed.js\"><\/script><\/p>\n","protected":false},"excerpt":{"rendered":"Par Hervine Mahaud Publi\u00e9 le 6 mai 2025 \u00e0 6h04 Et de trois ! Maison Bonheur, un commerce&hellip;\n","protected":false},"author":2,"featured_media":78451,"comment_status":"","ping_status":"","sticky":false,"template":"","format":"standard","meta":{"footnotes":""},"categories":[2815],"tags":[1111,11,1477,215,33,1777,674,1011,27,811,1307,12,25],"class_list":{"0":"post-78450","1":"post","2":"type-post","3":"status-publish","4":"format-standard","5":"has-post-thumbnail","7":"category-lille","8":"tag-actu","9":"tag-actualites","10":"tag-artisanat","11":"tag-commerce","12":"tag-economie","13":"tag-eu","14":"tag-europe","15":"tag-fr","16":"tag-france","17":"tag-hauts-de-france","18":"tag-lille","19":"tag-news","20":"tag-republique-francaise"},"share_on_mastodon":{"url":"https:\/\/pubeurope.com\/@fr\/114459148903288589","error":""},"_links":{"self":[{"href":"https:\/\/www.europesays.com\/fr\/wp-json\/wp\/v2\/posts\/78450","targetHints":{"allow":["GET"]}}],"collection":[{"href":"https:\/\/www.europesays.com\/fr\/wp-json\/wp\/v2\/posts"}],"about":[{"href":"https:\/\/www.europesays.com\/fr\/wp-json\/wp\/v2\/types\/post"}],"author":[{"embeddable":true,"href":"https:\/\/www.europesays.com\/fr\/wp-json\/wp\/v2\/users\/2"}],"replies":[{"embeddable":true,"href":"https:\/\/www.europesays.com\/fr\/wp-json\/wp\/v2\/comments?post=78450"}],"version-history":[{"count":0,"href":"https:\/\/www.europesays.com\/fr\/wp-json\/wp\/v2\/posts\/78450\/revisions"}],"wp:featuredmedia":[{"embeddable":true,"href":"https:\/\/www.europesays.com\/fr\/wp-json\/wp\/v2\/media\/78451"}],"wp:attachment":[{"href":"https:\/\/www.europesays.com\/fr\/wp-json\/wp\/v2\/media?parent=78450"}],"wp:term":[{"taxonomy":"category","embeddable":true,"href":"https:\/\/www.europesays.com\/fr\/wp-json\/wp\/v2\/categories?post=78450"},{"taxonomy":"post_tag","embeddable":true,"href":"https:\/\/www.europesays.com\/fr\/wp-json\/wp\/v2\/tags?post=78450"}],"curies":[{"name":"wp","href":"https:\/\/api.w.org\/{rel}","templated":true}]}}