{"id":78456,"date":"2025-05-06T05:07:10","date_gmt":"2025-05-06T05:07:10","guid":{"rendered":"https:\/\/www.europesays.com\/fr\/78456\/"},"modified":"2025-05-06T05:07:10","modified_gmt":"2025-05-06T05:07:10","slug":"larcheveque-de-marseille-jean-marc-aveline-peut-il-devenir-pape-liberation","status":"publish","type":"post","link":"https:\/\/www.europesays.com\/fr\/78456\/","title":{"rendered":"L\u2019archev\u00eaque de Marseille, Jean-Marc Aveline, peut-il devenir pape\u00a0? \u2013 Lib\u00e9ration"},"content":{"rendered":"<p class=\"sc-ksZaOG ehjQrN text-element\">La Bonne M\u00e8re retient son souffle. Et si <a href=\"https:\/\/www.liberation.fr\/societe\/religions\/visite-du-pape-a-marseille-jean-marc-aveline-un-cardinal-en-pleine-ascension-20230922_ZQSESCTASNFCFLWLLZWXGYO52U\/\" target=\"_blank\" rel=\"noreferrer noopener\" title=\"https:\/\/www.liberation.fr\/societe\/religions\/visite-du-pape-a-marseille-jean-marc-aveline-un-cardinal-en-pleine-ascension-20230922_ZQSESCTASNFCFLWLLZWXGYO52U\/\">Jean-Marc Aveline, le cardinal et archev\u00eaque de Marseille<\/a>, devenait pape ? Un pontife fran\u00e7ais, ce n\u2019est pas arriv\u00e9 depuis Gr\u00e9goire XI au XIVe si\u00e8cle. Certes, le Marseillais, \u00e2g\u00e9 de 66 ans, ne figure pas parmi <a href=\"https:\/\/www.liberation.fr\/international\/europe\/vatican-qui-sont-les-15-papabile-les-plus-en-vue-pour-succeder-a-francois-20250505_K3Y3YXT7QBF7LOYFDCK63SMWWQ\/\" target=\"_blank\" rel=\"noreferrer noopener\" title=\"https:\/\/www.liberation.fr\/international\/europe\/vatican-qui-sont-les-15-papabile-les-plus-en-vue-pour-succeder-a-francois-20250505_K3Y3YXT7QBF7LOYFDCK63SMWWQ\/\">les ultras favoris<\/a>, ceux qui batailleront d\u2019entr\u00e9e de jeu, ce mercredi 7 mai apr\u00e8s-midi, dans la chapelle Sixtine, une fois les portes ferm\u00e9es. Mais Aveline est, de l\u2019avis d\u2019experts, un troisi\u00e8me homme possible. Certes il n\u2019est pas le seul. Mais depuis la semaine derni\u00e8re, le Fran\u00e7ais int\u00e9resse la presse italienne. Ce qui, en soi, est un signe qu\u2019il est dans le jeu.<\/p>\n<p class=\"sc-ksZaOG ehjQrN text-element\">Aveline a eu droit \u00e0 un grand portrait dans la Repubblica, le quotidien de gauche. De m\u00eame que dans il Messaggero, quotidien<\/p>\n","protected":false},"excerpt":{"rendered":"La Bonne M\u00e8re retient son souffle. Et si Jean-Marc Aveline, le cardinal et archev\u00eaque de Marseille, devenait pape&hellip;\n","protected":false},"author":2,"featured_media":78457,"comment_status":"","ping_status":"","sticky":false,"template":"","format":"standard","meta":{"footnotes":""},"categories":[2814],"tags":[1111,11,11863,1777,674,1011,27,884,12,18469,882,25,4193],"class_list":{"0":"post-78456","1":"post","2":"type-post","3":"status-publish","4":"format-standard","5":"has-post-thumbnail","7":"category-marseille","8":"tag-actu","9":"tag-actualites","10":"tag-catholicisme","11":"tag-eu","12":"tag-europe","13":"tag-fr","14":"tag-france","15":"tag-marseille","16":"tag-news","17":"tag-pape-apres-benoit-xvi","18":"tag-provence-alpes-cote-dazur","19":"tag-republique-francaise","20":"tag-vatican"},"share_on_mastodon":{"url":"https:\/\/pubeurope.com\/@fr\/114459157734751974","error":""},"_links":{"self":[{"href":"https:\/\/www.europesays.com\/fr\/wp-json\/wp\/v2\/posts\/78456","targetHints":{"allow":["GET"]}}],"collection":[{"href":"https:\/\/www.europesays.com\/fr\/wp-json\/wp\/v2\/posts"}],"about":[{"href":"https:\/\/www.europesays.com\/fr\/wp-json\/wp\/v2\/types\/post"}],"author":[{"embeddable":true,"href":"https:\/\/www.europesays.com\/fr\/wp-json\/wp\/v2\/users\/2"}],"replies":[{"embeddable":true,"href":"https:\/\/www.europesays.com\/fr\/wp-json\/wp\/v2\/comments?post=78456"}],"version-history":[{"count":0,"href":"https:\/\/www.europesays.com\/fr\/wp-json\/wp\/v2\/posts\/78456\/revisions"}],"wp:featuredmedia":[{"embeddable":true,"href":"https:\/\/www.europesays.com\/fr\/wp-json\/wp\/v2\/media\/78457"}],"wp:attachment":[{"href":"https:\/\/www.europesays.com\/fr\/wp-json\/wp\/v2\/media?parent=78456"}],"wp:term":[{"taxonomy":"category","embeddable":true,"href":"https:\/\/www.europesays.com\/fr\/wp-json\/wp\/v2\/categories?post=78456"},{"taxonomy":"post_tag","embeddable":true,"href":"https:\/\/www.europesays.com\/fr\/wp-json\/wp\/v2\/tags?post=78456"}],"curies":[{"name":"wp","href":"https:\/\/api.w.org\/{rel}","templated":true}]}}