{"id":784671,"date":"2026-03-08T17:04:13","date_gmt":"2026-03-08T17:04:13","guid":{"rendered":"https:\/\/www.europesays.com\/fr\/784671\/"},"modified":"2026-03-08T17:04:13","modified_gmt":"2026-03-08T17:04:13","slug":"la-princesse-eugenie-demissionne-de-lassociation-anti-slavery-international","status":"publish","type":"post","link":"https:\/\/www.europesays.com\/fr\/784671\/","title":{"rendered":"La princesse Eugenie d\u00e9missionne de l&rsquo;association Anti-Slavery International"},"content":{"rendered":"<p><strong>Apr\u00e8s sept ans, le patronage de Son Altesse Royale la princesse Eugenie d&rsquo;York a pris fin<\/strong>. Nous remercions chaleureusement la princesse pour son soutien \u00e0 Anti-Slavery International. Nous esp\u00e9rons qu&rsquo;elle continuera \u00e0 \u0153uvrer pour mettre fin \u00e0 l&rsquo;esclavage une fois pour toutes et garantir la libert\u00e9 pour tous\u00a0\u00bb, a annonc\u00e9 l&rsquo;association britannique dans un communiqu\u00e9 officiel. La ni\u00e8ce de <a target=\"_blank\" href=\"https:\/\/www.pointdevue.fr\/grand-angle\/biographies\/charles-iii\" rel=\"nofollow noopener\">Charles III<\/a> a donc fait <strong>le choix de se retirer en raison de \u00ab\u00a0la publication de millions de documents et d\u2019e-mails relatifs \u00e0 Jeffrey Epstein<\/strong>, qui ont d\u00e9shonor\u00e9 son p\u00e8re et impliqu\u00e9 sa famille\u00a0\u00bb, r\u00e9v\u00e8le l&rsquo;hebdomadaire <a target=\"_blank\" href=\"https:\/\/observer.co.uk\/news\/national\/article\/andrews-daughter-steps-down-from-anti-slavery-charity-as-epstein-scandal-spreads\" rel=\"nofollow noopener\">The Observer<\/a>. Un nouveau coup dur pour la jeune maman de 35 ans qui milite depuis des ann\u00e9es pour mettre en lumi\u00e8re le sort des victimes de l\u2019esclavage moderne et de la traite.<\/p>\n<p><strong>Le 18 octobre 2019, elle annon\u00e7ait ainsi devenir la marraine d\u2019Anti-Slavery International<\/strong>, la plus ancienne organisation de d\u00e9fense des droits humains au monde, deux ans apr\u00e8s avoir cofond\u00e9 le Collectif Anti-Esclavagiste \u2013 qui \u00ab\u00a0se concentre sur la lutte contre le travail forc\u00e9 dans les cha\u00eenes d\u2019approvisionnement des entreprises\u00a0\u00bb \u2013 avec son amie Julia de Boinville.\u00a0<\/p>\n<p>Aujourd&rsquo;hui, <strong>son profil a d\u00e9j\u00e0 \u00e9t\u00e9 retir\u00e9 du site de l\u2019organisme caritatif<\/strong>, qui avait auparavant applaudi son travail \u00ab\u00a0\u00e0 tous les niveaux avec des leaders dans la lutte contre l\u2019esclavage moderne\u00a0\u00bb. Une d\u00e9cision sans nul doute difficile pour Eugenie, mais \u00f4 combien \u00e9l\u00e9gante et courageuse.\u00a0<\/p>\n<p>Lire aussi &gt;&gt; <a target=\"_blank\" href=\"https:\/\/www.pointdevue.fr\/royal\/royaume-uni\/les-princesses-beatrice-et-eugenie-epuisees-elles-ont-le-sentiment-de-payer-pour-leur-pere-andrew\" rel=\"nofollow noopener\">Les princesses Beatrice et Eugenie \u00ab\u00a0\u00e9puis\u00e9es\u00a0\u00bb : elles ont le sentiment de payer pour leur p\u00e8re Andrew<\/a><\/p>\n","protected":false},"excerpt":{"rendered":"Apr\u00e8s sept ans, le patronage de Son Altesse Royale la princesse Eugenie d&rsquo;York a pris fin. Nous remercions&hellip;\n","protected":false},"author":2,"featured_media":784672,"comment_status":"","ping_status":"","sticky":false,"template":"","format":"standard","meta":{"footnotes":"","_share_on_mastodon":"0"},"categories":[1588],"tags":[11,1777,674,12,473,1853,1851,1850,1852],"class_list":["post-784671","post","type-post","status-publish","format-standard","has-post-thumbnail","category-royaume-uni","tag-actualites","tag-eu","tag-europe","tag-news","tag-royaume-uni","tag-royaume-uni-de-grande-bretagne-et-dirlande-du-nord","tag-uk","tag-united-kingdom","tag-united-kingdom-of-great-britain-and-northern-ireland"],"share_on_mastodon":{"url":"https:\/\/pubeurope.com\/@fr\/116194644291973913","error":""},"_links":{"self":[{"href":"https:\/\/www.europesays.com\/fr\/wp-json\/wp\/v2\/posts\/784671","targetHints":{"allow":["GET"]}}],"collection":[{"href":"https:\/\/www.europesays.com\/fr\/wp-json\/wp\/v2\/posts"}],"about":[{"href":"https:\/\/www.europesays.com\/fr\/wp-json\/wp\/v2\/types\/post"}],"author":[{"embeddable":true,"href":"https:\/\/www.europesays.com\/fr\/wp-json\/wp\/v2\/users\/2"}],"replies":[{"embeddable":true,"href":"https:\/\/www.europesays.com\/fr\/wp-json\/wp\/v2\/comments?post=784671"}],"version-history":[{"count":0,"href":"https:\/\/www.europesays.com\/fr\/wp-json\/wp\/v2\/posts\/784671\/revisions"}],"wp:featuredmedia":[{"embeddable":true,"href":"https:\/\/www.europesays.com\/fr\/wp-json\/wp\/v2\/media\/784672"}],"wp:attachment":[{"href":"https:\/\/www.europesays.com\/fr\/wp-json\/wp\/v2\/media?parent=784671"}],"wp:term":[{"taxonomy":"category","embeddable":true,"href":"https:\/\/www.europesays.com\/fr\/wp-json\/wp\/v2\/categories?post=784671"},{"taxonomy":"post_tag","embeddable":true,"href":"https:\/\/www.europesays.com\/fr\/wp-json\/wp\/v2\/tags?post=784671"}],"curies":[{"name":"wp","href":"https:\/\/api.w.org\/{rel}","templated":true}]}}