{"id":784673,"date":"2026-03-08T17:05:15","date_gmt":"2026-03-08T17:05:15","guid":{"rendered":"https:\/\/www.europesays.com\/fr\/784673\/"},"modified":"2026-03-08T17:05:15","modified_gmt":"2026-03-08T17:05:15","slug":"de-memoire-de-pompiste-on-na-jamais-vu-ca-en-moselle-les-consommateurs-allemands-affluent-aux-pompes-a-essence-francaises","status":"publish","type":"post","link":"https:\/\/www.europesays.com\/fr\/784673\/","title":{"rendered":"\u00ab\u00a0De m\u00e9moire de pompiste, on n\u2019a jamais vu \u00e7a\u00a0\u00bb\u00a0: en Moselle, les consommateurs allemands affluent aux pompes \u00e0 essence fran\u00e7aises"},"content":{"rendered":"<p class=\"paragraph text_align_left lp-f-body-02\">En direction du centre-ville de Forbach (Moselle), elle est la premi\u00e8re station-service du centre-ville avant d\u2019arriver au c\u0153ur des commerces. Un simple regard p\u00e9riph\u00e9rique suffit \u00e0 r\u00e9sumer la tendance : la client\u00e8le allemande se rue actuellement sur les pompes \u00e0 essence en France. Avec pour argument majeur, <a href=\"https:\/\/www.leparisien.fr\/economie\/hausse-du-carburant-cinq-minutes-pour-comprendre-comment-sont-calcules-les-prix-a-la-pompe-en-france-04-03-2026-XSBIJU2QLZGSPOF6HYAP2JYRTE.php\" target=\"_blank\" rel=\"noreferrer nofollow noopener\">le prix du litre moins cher<\/a>. Qu\u2019il s\u2019agisse du diesel ou du super sans plomb, Carlos Porado, 36 ans, l\u2019assure. \u00ab Tout le monde sans exception parle de ce sujet actuellement outre-Rhin \u00bb, pr\u00e9cise ce commercial domicili\u00e9 dans les environs de Sarrebr\u00fcck, \u00e0 10 km de l\u00e0, en Allemagne.<\/p>\n<p class=\"\">Dans son confortable v\u00e9hicule, il parcourt chaque semaine pr\u00e8s de 600 km sur les routes \u00e0 la fronti\u00e8re de l\u2019Allemagne. \u00ab On paie cher partout sans trop savoir pourquoi. Mais il faut toujours se priver. C\u2019est la crise, c\u2019est clair. \u00bb Son plein hebdomadaire lui co\u00fbte chez lui pr\u00e8s de 135 euros. A Forbach, les tarifs oscillent entre 1,82 (super sans plomb) et 1,99 \u20ac pour le diesel. Alors, s\u2019il peut \u00e9conomiser entre 5 euros et 10 euros dessus, cela justifie selon lui de faire quelques kilom\u00e8tres depuis son domicile.<\/p>\n<p>Des approvisionnements pour \u00e9viter la p\u00e9nurie<\/p>\n<p class=\"\">A l\u2019instar de ce trentenaire allemand, ils sont m\u00eame tellement nombreux \u00e0 choisir les stations-service de la Moselle-Est, dans les environs de Forbach, que <a href=\"https:\/\/www.leparisien.fr\/economie\/consommation\/le-prix-de-lessence-peut-monter-dun-coup-deja-des-files-dattente-aux-stations-service-a-cause-de-la-guerre-en-iran-03-03-2026-DYQVIXXJB5BTBAVRDB3GYN3B3I.php\" target=\"_blank\" rel=\"noreferrer nofollow noopener\">certaines fr\u00f4lent la p\u00e9nurie<\/a>. \u00ab De m\u00e9moire de pompiste, on n\u2019a jamais vu \u00e7a \u00bb, t\u00e9moigne Enzo Di Giacomo, affair\u00e9 \u00e0 courir \u00e0 travers les pompes et les cartes bleues pour satisfaire ses clients dans la station Total de la rue Nationale de Forbach.<\/p>\n<p class=\"\">D\u00e9j\u00e0, il a fallu \u00e0 plusieurs reprises ces derniers jours appeler les fournisseurs pour \u00e9viter la p\u00e9nurie de carburant. Le flux est tendu et l\u2019\u0153il riv\u00e9 sur l\u2019\u00e9tat des cuves. \u00ab Le nombre de clients immatricul\u00e9s en Allemagne n\u2019a jamais \u00e9t\u00e9 aussi important. M\u00eame s\u2019ils ne comprennent pas toujours qu\u2019il faille r\u00e9gler \u00e0 l\u2019avance, ils viennent chez nous pour d\u00e9penser moins \u00bb.<\/p>\n<p class=\"\">Les chiffres des prix \u00e0 l\u2019essence annonc\u00e9s par certains consommateurs laissent songeurs. Il est question de 30 centimes d\u2019euro, voire 40 centimes plus cher en Allemagne. Susanna, venue avec son conjoint, \u00e9voque m\u00eame des tarifs \u00ab entre 2,40 \u20ac et 2,60\u20ac \u00bb, sans plus de pr\u00e9cision sur les commerces concern\u00e9s. Le contexte nourrit certaines id\u00e9es fausses, sugg\u00e8re Christophe, 51 ans, un Fran\u00e7ais de Forbach sp\u00e9cialis\u00e9 dans le service et l\u2019entretien des ascenseurs. \u00ab Certes, d\u2019ordinaire on allait plut\u00f4t en Allemagne car les tarifs y \u00e9taient moins \u00e9lev\u00e9s que chez nous. Mais aujourd\u2019hui, moi qui sillonne les deux c\u00f4t\u00e9s de la fronti\u00e8re, je ne trouve pas tellement de diff\u00e9rence. \u00bb<\/p>\n<p class=\"\">D\u2019\u00e9vidence, les consommateurs allemands se sont pass\u00e9 le mot pour cibler la proximit\u00e9. Quelques kilom\u00e8tres plus loin, \u00e0 Oeting, ou chez Esso dans le centre-ville, c\u2019est ainsi moins le rush. \u00ab Ces prix, c\u2019est aussi un moyen de remplir les caisses de l\u2019Etat, car la guerre a bon dos quand on sait que les quantit\u00e9s transport\u00e9es par les bateaux sont d\u00e9j\u00e0 pay\u00e9es, croit savoir Christophe. Il faudrait parvenir \u00e0 obtenir une r\u00e8gle qui mettrait en place un tarif stabilis\u00e9 en cas de crise. \u00bb<\/p>\n","protected":false},"excerpt":{"rendered":"En direction du centre-ville de Forbach (Moselle), elle est la premi\u00e8re station-service du centre-ville avant d\u2019arriver au c\u0153ur&hellip;\n","protected":false},"author":2,"featured_media":784674,"comment_status":"","ping_status":"","sticky":false,"template":"","format":"standard","meta":{"footnotes":"","_share_on_mastodon":"0"},"categories":[1587],"tags":[917,11,672,1804,1805,459,1803,33,1777,674,1801,43082,12,1802],"class_list":["post-784673","post","type-post","status-publish","format-standard","has-post-thumbnail","category-allemagne","tag-actu-locale","tag-actualites","tag-allemagne","tag-bundesrepublik-deutschland","tag-de","tag-departements-horsidfo","tag-deutschland","tag-economie","tag-eu","tag-europe","tag-germany","tag-moselle-57","tag-news","tag-republique-federale-dallemagne"],"share_on_mastodon":{"url":"https:\/\/pubeurope.com\/@fr\/116194648241384736","error":""},"_links":{"self":[{"href":"https:\/\/www.europesays.com\/fr\/wp-json\/wp\/v2\/posts\/784673","targetHints":{"allow":["GET"]}}],"collection":[{"href":"https:\/\/www.europesays.com\/fr\/wp-json\/wp\/v2\/posts"}],"about":[{"href":"https:\/\/www.europesays.com\/fr\/wp-json\/wp\/v2\/types\/post"}],"author":[{"embeddable":true,"href":"https:\/\/www.europesays.com\/fr\/wp-json\/wp\/v2\/users\/2"}],"replies":[{"embeddable":true,"href":"https:\/\/www.europesays.com\/fr\/wp-json\/wp\/v2\/comments?post=784673"}],"version-history":[{"count":0,"href":"https:\/\/www.europesays.com\/fr\/wp-json\/wp\/v2\/posts\/784673\/revisions"}],"wp:featuredmedia":[{"embeddable":true,"href":"https:\/\/www.europesays.com\/fr\/wp-json\/wp\/v2\/media\/784674"}],"wp:attachment":[{"href":"https:\/\/www.europesays.com\/fr\/wp-json\/wp\/v2\/media?parent=784673"}],"wp:term":[{"taxonomy":"category","embeddable":true,"href":"https:\/\/www.europesays.com\/fr\/wp-json\/wp\/v2\/categories?post=784673"},{"taxonomy":"post_tag","embeddable":true,"href":"https:\/\/www.europesays.com\/fr\/wp-json\/wp\/v2\/tags?post=784673"}],"curies":[{"name":"wp","href":"https:\/\/api.w.org\/{rel}","templated":true}]}}