{"id":78471,"date":"2025-05-06T05:15:13","date_gmt":"2025-05-06T05:15:13","guid":{"rendered":"https:\/\/www.europesays.com\/fr\/78471\/"},"modified":"2025-05-06T05:15:13","modified_gmt":"2025-05-06T05:15:13","slug":"a-la-gare-de-bercy-les-voyageurs-a-petits-budgets-preferent-attendre-dehors","status":"publish","type":"post","link":"https:\/\/www.europesays.com\/fr\/78471\/","title":{"rendered":"\u00e0 la gare de Bercy, les voyageurs \u00e0 petits budgets pr\u00e9f\u00e8rent attendre dehors"},"content":{"rendered":"<p>            Par<br \/>\n        <strong><br \/>\n            <a href=\"https:\/\/actu.fr\/auteur\/ines-cussac-actu-fr\" title=\"Consulter tous les articles de In\u00e8s Cussac\" rel=\"nofollow noopener\" target=\"_blank\">In\u00e8s Cussac<\/a><br \/>\n        <\/strong><\/p>\n<p>        Publi\u00e9 le<\/p>\n<p>            6 mai 2025 \u00e0 6h56        <\/p>\n<p>Loin d\u2019\u00eatre une invitation au voyage, <a href=\"https:\/\/actu.fr\/ile-de-france\/paris_75056\/a-paris-la-vetuste-gare-routiere-de-bercy-finalement-maintenue-jusqu-en-2030_62340306.html\" rel=\"nofollow noopener\" target=\"_blank\">la gare routi\u00e8re de Paris-Bercy<\/a> dans le 12e arrondissement a laiss\u00e9 le luxe, le calme et la volupt\u00e9 sur le bas-c\u00f4t\u00e9. Cet espace malodorant et sombre n\u2019attire pas vraiment <strong>les voyageurs pr\u00e9f\u00e9rant attendre leur bus dehors plut\u00f4t que dedans<\/strong>. \u00ab\u2009Heureusement qu\u2019il fait beau\u2009\u00bb, glisse Lydie install\u00e9e sur la pelouse devant la gare routi\u00e8re la plus fr\u00e9quent\u00e9e de France. \u00ab\u2009C\u2019est un peu glauque \u00e0 l\u2019int\u00e9rieur. On a \u00e9t\u00e9 oblig\u00e9 de descendre, je serais bien rest\u00e9 dans le car sinon\u2009\u00bb, fait-elle valoir.<br \/>Malgr\u00e9 <a href=\"https:\/\/actu.fr\/ile-de-france\/paris_75056\/greve-sncf-en-ile-de-france-le-prix-des-billets-de-bus-pour-sortir-de-paris-va-t-il-augmenter_62595704.html\" rel=\"nofollow noopener\" target=\"_blank\">une journ\u00e9e de gr\u00e8ve \u00e0 la SNCF<\/a>, rares sont les voyageurs \u00e0 avoir opt\u00e9 pour un bus de Bercy \u00e0 la place du train. \u00ab\u2009J\u2019avais r\u00e9serv\u00e9 mon Flixbus bien avant l\u2019annonce de la gr\u00e8ve. <strong>C\u2019\u00e9tait une question de budget<\/strong>\u2009\u00bb, indique Guillaume motiv\u00e9 par les petits prix de ce mode de transport. Le jeune homme \u00e2g\u00e9 d\u2019une vingtaine d\u2019ann\u00e9es patiente lui aussi \u00e0 l\u2019ext\u00e9rieur de la gare par manque d\u2019infrastructure. \u00ab\u2009Il y a tr\u00e8s peu de choses pour s\u2019asseoir, c\u2019est un peu mal foutu\u2009\u00bb, regrette-t-il derri\u00e8re ses lunettes carr\u00e9es.<\/p>\n<p>Des conditions d\u2019accueil \u00ab\u2009d\u00e9sastreuses\u2009\u00bb<\/p>\n<p class=\" wall-content\">En 2023, la mairie de Paris avait annonc\u00e9 la fermeture de cette gare \u00e0 l\u2019issue des Jeux olympiques et paralympiques de Paris 2024. Elle voulait ainsi r\u00e9duire le trafic des cars dans ses rues. Mais apr\u00e8s une modification du planning, <strong>la gare de Bercy va maintenir ses services jusqu\u2019en 2030<\/strong>, <a href=\"https:\/\/actu.fr\/ile-de-france\/paris_75056\/fermeture-de-la-gare-routiere-de-bercy-les-compagnies-de-bus-obtiennent-un-sursis_61758192.html\" rel=\"nofollow noopener\" target=\"_blank\">le temps qu\u2019une \u00ab\u2009solution viable\u2009\u00bb soit trouv\u00e9e<\/a>.<\/p>\n<p class=\" wall-content\">De quoi agacer les \u00e9lus d\u2019opposition qui ont r\u00e9cemment publi\u00e9 une vid\u00e9o sur le r\u00e9seau social X, ce lundi 5 mai 2025, pour d\u00e9noncer les conditions d\u2019accueil \u00ab\u2009d\u00e9sastreuses\u2009\u00bb des voyageurs. \u00ab\u2009Vous imaginez tr\u00e8s facilement le d\u00e9sastre des voyageurs internationaux quand ils se disent que la gare routi\u00e8re de la plus belle ville du monde, ou du moins une des plus belles villes du monde, se fait dans des conditions d\u2019une telle insalubrit\u00e9 avec <strong>une absence totale d\u2019infrastructures<\/strong> \u00bb, a critiqu\u00e9 Franck Margain du groupe Changer Paris.<\/p>\n<p class=\" wall-content\">\n<p>\u00ab\u00a0Personne pour r\u00e9guler\u00a0\u00bb<\/p>\n<p class=\" wall-content\">\u00ab\u2009En soi elle n\u2019est pas si terrible, c\u2019est juste le fait que ce soit en sous-sol qui ne donne pas tr\u00e8s envie de rester \u00e0 l\u2019int\u00e9rieur\u2009\u00bb, att\u00e9nue Aurore entre deux bouch\u00e9es de carottes r\u00e2p\u00e9es. Cet avis est loin d\u2019\u00eatre partag\u00e9 par Za\u00efna qui regrette de n\u2019avoir pu \u00e9chapper \u00e0 un d\u00e9part depuis le 12e arrondissement. Ce centre n\u00e9vralgique des cars longues distances, lanc\u00e9 en 2017 apr\u00e8s avoir servi de parking pour ces v\u00e9hicules de tourisme pendant 20 ans, dessert la quasi-totalit\u00e9 des agglom\u00e9rations de plus de 50\u2009000 habitants. \u00ab\u2009<strong>J\u2019\u00e9vite de passer par ici<\/strong>, je pr\u00e9f\u00e8re aller \u00e0 La D\u00e9fense\u2009\u00bb, indique-t-elle avant de lister tous les probl\u00e8mes rencontr\u00e9s au cours de la vingtaine de voyages effectu\u00e9s depuis Bercy\u2009: manque d\u2019hygi\u00e8ne, retards \u00e0 r\u00e9p\u00e9tition, panneaux d\u2019affichage \u00e9lectronique qui ne fonctionnent jamais, insalubrit\u00e9 sentiment d\u2019ins\u00e9curit\u00e9\u2026 \u00ab\u2009Il n\u2019y a personne pour r\u00e9guler tout cela\u2009\u00bb, s\u2019irrite l\u2019\u00e9tudiante.<\/p>\n<p class=\" wall-content\">L\u2019Autorit\u00e9 de r\u00e9gulation des transports (ART) avait publi\u00e9 un rapport donnant raison \u00e0 Za\u00efna. En 2023, elle relevait <strong>une qualit\u00e9 de service \u00ab\u2009insuffisante\u2009\u00bb<\/strong> du point de vue des voyageurs. 53\u2009% des usagers avaient indiqu\u00e9 \u00eatre peu satisfaits ou pas satisfaits du tout des conditions d\u2019attente en gare. La salet\u00e9, le manque de places assises, l\u2019absence de point de restauration chaude ou la faiblesse de l\u2019\u00e9clairage avaient \u00e9t\u00e9 point\u00e9s du doigt.<\/p>\n<p class=\" wall-content\">Apr\u00e8s 2030, les voyageurs pourraient avoir rendez-vous \u00e0 <a href=\"https:\/\/actu.fr\/ile-de-france\/saint-denis_93066\/fermeture-de-la-gare-routiere-de-bercy-l-option-de-saint-denis-se-precise_61614299.html\" rel=\"nofollow noopener\" target=\"_blank\">Saint-Denis-Pleyel<\/a>, au nord de Paris, pour monter dans les bus. Le maire de Saint-Denis avait d\u00e9voil\u00e9 un terrain qui pourrait accueillir une nouvelle gare routi\u00e8re, valid\u00e9e par les compagnies de cars qui s\u2019\u00e9taient montr\u00e9es int\u00e9ress\u00e9es.<\/p>\n<p class=\" wall-content\">Suivez toute l\u2019actualit\u00e9 de vos villes et m\u00e9dias favoris en vous inscrivant \u00e0 <a href=\"https:\/\/moncompte.actu.fr\" title=\"D\u00e9couvez Mon Actu\" rel=\"nofollow noopener\" data-trk=\"{&quot;cta&quot;:{&quot;action&quot;:&quot;https:\\\/\\\/moncompte.actu.fr&quot;,&quot;category&quot;:&quot;mon compte&quot;,&quot;from&quot;:&quot;article footer&quot;,&quot;name&quot;:&quot;Mon actu&quot;,&quot;type&quot;:&quot;cta&quot;}}\" target=\"_blank\">Mon Actu<\/a>.<\/p>\n","protected":false},"excerpt":{"rendered":"Par In\u00e8s Cussac Publi\u00e9 le 6 mai 2025 \u00e0 6h56 Loin d\u2019\u00eatre une invitation au voyage, la gare&hellip;\n","protected":false},"author":2,"featured_media":78472,"comment_status":"","ping_status":"","sticky":false,"template":"","format":"standard","meta":{"footnotes":""},"categories":[1888],"tags":[11,14846,1777,674,1011,27,12,626,25,104,2803],"class_list":{"0":"post-78471","1":"post","2":"type-post","3":"status-publish","4":"format-standard","5":"has-post-thumbnail","7":"category-paris","8":"tag-actualites","9":"tag-bercy","10":"tag-eu","11":"tag-europe","12":"tag-fr","13":"tag-france","14":"tag-news","15":"tag-paris","16":"tag-republique-francaise","17":"tag-societe","18":"tag-transport"},"share_on_mastodon":{"url":"https:\/\/pubeurope.com\/@fr\/114459189136037413","error":""},"_links":{"self":[{"href":"https:\/\/www.europesays.com\/fr\/wp-json\/wp\/v2\/posts\/78471","targetHints":{"allow":["GET"]}}],"collection":[{"href":"https:\/\/www.europesays.com\/fr\/wp-json\/wp\/v2\/posts"}],"about":[{"href":"https:\/\/www.europesays.com\/fr\/wp-json\/wp\/v2\/types\/post"}],"author":[{"embeddable":true,"href":"https:\/\/www.europesays.com\/fr\/wp-json\/wp\/v2\/users\/2"}],"replies":[{"embeddable":true,"href":"https:\/\/www.europesays.com\/fr\/wp-json\/wp\/v2\/comments?post=78471"}],"version-history":[{"count":0,"href":"https:\/\/www.europesays.com\/fr\/wp-json\/wp\/v2\/posts\/78471\/revisions"}],"wp:featuredmedia":[{"embeddable":true,"href":"https:\/\/www.europesays.com\/fr\/wp-json\/wp\/v2\/media\/78472"}],"wp:attachment":[{"href":"https:\/\/www.europesays.com\/fr\/wp-json\/wp\/v2\/media?parent=78471"}],"wp:term":[{"taxonomy":"category","embeddable":true,"href":"https:\/\/www.europesays.com\/fr\/wp-json\/wp\/v2\/categories?post=78471"},{"taxonomy":"post_tag","embeddable":true,"href":"https:\/\/www.europesays.com\/fr\/wp-json\/wp\/v2\/tags?post=78471"}],"curies":[{"name":"wp","href":"https:\/\/api.w.org\/{rel}","templated":true}]}}