{"id":78483,"date":"2025-05-06T05:21:17","date_gmt":"2025-05-06T05:21:17","guid":{"rendered":"https:\/\/www.europesays.com\/fr\/78483\/"},"modified":"2025-05-06T05:21:17","modified_gmt":"2025-05-06T05:21:17","slug":"de-nombreuses-animations-gratuites-organisees-a-nancy","status":"publish","type":"post","link":"https:\/\/www.europesays.com\/fr\/78483\/","title":{"rendered":"de nombreuses animations gratuites organis\u00e9es \u00e0 Nancy"},"content":{"rendered":"<p>            Par<br \/>\n        <strong><br \/>\n            <a href=\"https:\/\/actu.fr\/auteur\/amandine-mehl\" title=\"Consulter tous les articles de Amandine Mehl\" target=\"_blank\" rel=\"noopener\">Amandine Mehl<\/a><br \/>\n        <\/strong><\/p>\n<p>        Publi\u00e9 le<\/p>\n<p>            6 mai 2025 \u00e0 7h02        <\/p>\n<p>\u00c0 compter du vendredi\u00a09 et jusqu\u2019au dimanche 25\u00a0mai 2025, <strong>Nancy<\/strong> va c\u00e9l\u00e9brer l\u2019Europe dans ses diff\u00e9rents quartiers.<\/p>\n<p class=\" wall-content\">Concerts, ateliers, d\u00e9bats\u2026 de nombreuses <a href=\"https:\/\/actu.fr\/tag\/animations\" target=\"_blank\" rel=\"noopener\">animations<\/a> attendent le public.<\/p>\n<p>Venue d\u2019Emmanuel Macron \u00e0 Nancy<\/p>\n<p class=\" wall-content\">Les festivit\u00e9s seront lanc\u00e9es d\u00e8s ce vendredi avec la <a href=\"https:\/\/actu.fr\/grand-est\/nancy_54395\/venue-d-emmanuel-macron-a-nancy-on-connait-enfin-la-date_62572140.html\" target=\"_blank\" rel=\"noopener\">venue d\u2019Emmanuel Macron<\/a>. Accompagn\u00e9 de <strong>Donald Tusk<\/strong>, premier ministre polonais, il proc\u00e9dera \u00e0 la <strong>signature<\/strong> du trait\u00e9 bilat\u00e9ral entre la France et la Pologne.<\/p>\n<p class=\" wall-content\">S\u2019agissant du <strong>programme d\u00e9taill\u00e9<\/strong> du pr\u00e9sident de la R\u00e9publique, au cours de cette visite de la cit\u00e9 ducale, le service presse de l\u2019\u00c9lys\u00e9e n\u2019a pour l\u2019heure <strong>rien d\u00e9voil\u00e9<\/strong>.<\/p>\n<p>Vid\u00e9os : en ce moment sur ActuDe nombreuses animations gratuites organis\u00e9es \u00e0 Nancy<\/p>\n<p class=\" wall-content\">De 14h \u00e0 18h, dimanche 11\u00a0mai, le public est attendu au parc de la Cure d\u2019Air. D\u00e9monstration de <strong>danses folkloriques<\/strong>, musiques europ\u00e9ennes ou encore jeu de piste europ\u00e9en figurent au programme.<\/p>\n<p class=\" wall-content\">Durant les rendez-vous suivants, les visiteurs pourront d\u00e9couvrir des <strong>expositions<\/strong>, participer \u00e0 des escape games, assister \u00e0 des <strong>projections de films<\/strong>, ou encore profiter d\u2019animations musicales. Voici les <strong>dates<\/strong> \u00e0 retenir\u2009:<\/p>\n<ul class=\" wall-content\">\n<li>Mercredi 14\u00a0mai \u2013 Quartiers Beauregard \/ Boufflers \/ Buthegn\u00e9mont, Trois Maisons \/ Crosne \/ Vayringe, Rives de Meurthe, Mon D\u00e9sert \/ Jeanne d\u2019Arc \/ Saurupt \/ Clemenceau\u2009;<\/li>\n<li>Samedi 17\u00a0mai \u2013 Quartiers Mon D\u00e9sert \/ Jeanne d\u2019Arc \/ Saurupt \/ Clemenceau, L\u00e9opold \/ Ville Vieille, Saint-Pierre \/ Ren\u00e9 II \/ Bonsecours\u2009;<\/li>\n<li>Dimanche 18\u00a0mai \u2013 Quartiers Boudonville \/ Scarpone \/ Lib\u00e9ration, Centre-Ville \/ Charles III\u2009;<\/li>\n<li>Mercredi 21\u00a0mai \u2013 Quartiers L\u00e9opold \/ Ville Vieille, Haussonville \/ Blandan \/ Donop\u2009;<\/li>\n<li>Samedi 24\u00a0mai \u2013 Quartiers Mon D\u00e9sert \/ Jeanne d\u2019Arc \/ Saurupt \/ Clemenceau, Centre-Ville \/ Charles III.<\/li>\n<\/ul>\n<p class=\" wall-content\">\u00c0 noter que l\u2019acc\u00e8s \u00e0 ces \u00e9v\u00e9nements est <strong>gratuit<\/strong>.<\/p>\n<p class=\" wall-content\">Suivez toute l\u2019actualit\u00e9 de vos villes et m\u00e9dias favoris en vous inscrivant \u00e0 <a href=\"https:\/\/moncompte.actu.fr\" title=\"D\u00e9couvez Mon Actu\" rel=\"nofollow noopener\" data-trk=\"{&quot;cta&quot;:{&quot;action&quot;:&quot;https:\\\/\\\/moncompte.actu.fr&quot;,&quot;category&quot;:&quot;mon compte&quot;,&quot;from&quot;:&quot;article footer&quot;,&quot;name&quot;:&quot;Mon actu&quot;,&quot;type&quot;:&quot;cta&quot;}}\" target=\"_blank\">Mon Actu<\/a>.<\/p>\n","protected":false},"excerpt":{"rendered":"Par Amandine Mehl Publi\u00e9 le 6 mai 2025 \u00e0 7h02 \u00c0 compter du vendredi\u00a09 et jusqu\u2019au dimanche 25\u00a0mai&hellip;\n","protected":false},"author":2,"featured_media":78484,"comment_status":"","ping_status":"","sticky":false,"template":"","format":"standard","meta":{"footnotes":""},"categories":[1586],"tags":[11,1063,1777,674,1011,27,12,25,104],"class_list":{"0":"post-78483","1":"post","2":"type-post","3":"status-publish","4":"format-standard","5":"has-post-thumbnail","7":"category-europe","8":"tag-actualites","9":"tag-animations","10":"tag-eu","11":"tag-europe","12":"tag-fr","13":"tag-france","14":"tag-news","15":"tag-republique-francaise","16":"tag-societe"},"share_on_mastodon":{"url":"https:\/\/pubeurope.com\/@fr\/114459212887703718","error":""},"_links":{"self":[{"href":"https:\/\/www.europesays.com\/fr\/wp-json\/wp\/v2\/posts\/78483","targetHints":{"allow":["GET"]}}],"collection":[{"href":"https:\/\/www.europesays.com\/fr\/wp-json\/wp\/v2\/posts"}],"about":[{"href":"https:\/\/www.europesays.com\/fr\/wp-json\/wp\/v2\/types\/post"}],"author":[{"embeddable":true,"href":"https:\/\/www.europesays.com\/fr\/wp-json\/wp\/v2\/users\/2"}],"replies":[{"embeddable":true,"href":"https:\/\/www.europesays.com\/fr\/wp-json\/wp\/v2\/comments?post=78483"}],"version-history":[{"count":0,"href":"https:\/\/www.europesays.com\/fr\/wp-json\/wp\/v2\/posts\/78483\/revisions"}],"wp:featuredmedia":[{"embeddable":true,"href":"https:\/\/www.europesays.com\/fr\/wp-json\/wp\/v2\/media\/78484"}],"wp:attachment":[{"href":"https:\/\/www.europesays.com\/fr\/wp-json\/wp\/v2\/media?parent=78483"}],"wp:term":[{"taxonomy":"category","embeddable":true,"href":"https:\/\/www.europesays.com\/fr\/wp-json\/wp\/v2\/categories?post=78483"},{"taxonomy":"post_tag","embeddable":true,"href":"https:\/\/www.europesays.com\/fr\/wp-json\/wp\/v2\/tags?post=78483"}],"curies":[{"name":"wp","href":"https:\/\/api.w.org\/{rel}","templated":true}]}}