{"id":78495,"date":"2025-05-06T05:29:08","date_gmt":"2025-05-06T05:29:08","guid":{"rendered":"https:\/\/www.europesays.com\/fr\/78495\/"},"modified":"2025-05-06T05:29:08","modified_gmt":"2025-05-06T05:29:08","slug":"insolite-atp-rome-sinner-met-fin-aux-rumeurs-je-ne-suis-pas-en-couple","status":"publish","type":"post","link":"https:\/\/www.europesays.com\/fr\/78495\/","title":{"rendered":"Insolite, ATP &#8211; Rome > Sinner met fin aux rumeurs : \u00ab\u00a0Je ne suis pas en couple\u00a0\u00bb"},"content":{"rendered":"<p>Apr\u00e8s trois mois loin des courts, Jannik Sinner va faire son grand retour \u00e0 la comp\u00e9\u00adti\u00adtion, au Masters 1000 de Rome (du 7 au 18\u00a0mai).\u00a0<\/p>\n<p>Pendant cette p\u00e9riode, certaines rumeurs ont surgi autour du num\u00e9ro 1 mondial, c\u00f4t\u00e9 c\u0153ur en parti\u00adcu\u00adlier. S\u2019il a bien rompu avec la joueuse russe Anna Kalinskaya, il a r\u00e9cem\u00adment \u00e9t\u00e9 pris en photo par la presse people italienne<a href=\"https:\/\/www.welovetennis.fr\/atp\/a-peine-separe-de-kalinskaya-sinner-saffiche-avec-sa-nouvelle-petite-amie-une-top-modele-russe\" data-wpel-link=\"internal\" target=\"_blank\" rel=\"noopener\"> aupr\u00e8s d\u2019une top mod\u00e8le russe<\/a>.<\/p>\n<p>Mais en conf\u00e9\u00adrence de presse d\u2019avant tournoi, le triple cham\u00adpion du Grand Chelem a remis les choses au clair sur sa vie personnelle.<\/p>\n<p><strong>\u00ab\u202fOn s\u2019in\u00adt\u00e9\u00adresse beau\u00adcoup \u00e0 moi, m\u00eame en dehors du terrain. Et j\u2019ai aussi \u00e9t\u00e9 tr\u00e8s surpris de voir des photos, qui n\u2019ont rien de s\u00e9rieux [sourire]. Je ne suis pas en couple. Donc, si quel\u00adqu\u2019un me pose la ques\u00adtion,\u00a0tout\u00a0va\u00a0bien.\u202f\u00bb<\/strong><\/p>\n<p class=\"post-published-date\" style=\"color: silver; font-size: 75%; text-align: left;\">Publi\u00e9 le lundi 5 mai 2025 \u00e0 17:15<\/p>\n","protected":false},"excerpt":{"rendered":"Apr\u00e8s trois mois loin des courts, Jannik Sinner va faire son grand retour \u00e0 la comp\u00e9\u00adti\u00adtion, au Masters&hellip;\n","protected":false},"author":2,"featured_media":70232,"comment_status":"","ping_status":"","sticky":false,"template":"","format":"standard","meta":{"footnotes":""},"categories":[1415],"tags":[1011,27,2127,60,1467],"class_list":{"0":"post-78495","1":"post","2":"type-post","3":"status-publish","4":"format-standard","5":"has-post-thumbnail","7":"category-tennis","8":"tag-fr","9":"tag-france","10":"tag-sinner","11":"tag-sports","12":"tag-tennis"},"share_on_mastodon":{"url":"https:\/\/pubeurope.com\/@fr\/114459244176001689","error":""},"_links":{"self":[{"href":"https:\/\/www.europesays.com\/fr\/wp-json\/wp\/v2\/posts\/78495","targetHints":{"allow":["GET"]}}],"collection":[{"href":"https:\/\/www.europesays.com\/fr\/wp-json\/wp\/v2\/posts"}],"about":[{"href":"https:\/\/www.europesays.com\/fr\/wp-json\/wp\/v2\/types\/post"}],"author":[{"embeddable":true,"href":"https:\/\/www.europesays.com\/fr\/wp-json\/wp\/v2\/users\/2"}],"replies":[{"embeddable":true,"href":"https:\/\/www.europesays.com\/fr\/wp-json\/wp\/v2\/comments?post=78495"}],"version-history":[{"count":0,"href":"https:\/\/www.europesays.com\/fr\/wp-json\/wp\/v2\/posts\/78495\/revisions"}],"wp:featuredmedia":[{"embeddable":true,"href":"https:\/\/www.europesays.com\/fr\/wp-json\/wp\/v2\/media\/70232"}],"wp:attachment":[{"href":"https:\/\/www.europesays.com\/fr\/wp-json\/wp\/v2\/media?parent=78495"}],"wp:term":[{"taxonomy":"category","embeddable":true,"href":"https:\/\/www.europesays.com\/fr\/wp-json\/wp\/v2\/categories?post=78495"},{"taxonomy":"post_tag","embeddable":true,"href":"https:\/\/www.europesays.com\/fr\/wp-json\/wp\/v2\/tags?post=78495"}],"curies":[{"name":"wp","href":"https:\/\/api.w.org\/{rel}","templated":true}]}}