{"id":78496,"date":"2025-05-06T05:31:09","date_gmt":"2025-05-06T05:31:09","guid":{"rendered":"https:\/\/www.europesays.com\/fr\/78496\/"},"modified":"2025-05-06T05:31:09","modified_gmt":"2025-05-06T05:31:09","slug":"destins-ktm-marquez-zarco-quartararo","status":"publish","type":"post","link":"https:\/\/www.europesays.com\/fr\/78496\/","title":{"rendered":"Destins\u2026 KTM, Marquez, Zarco, Quartararo"},"content":{"rendered":"<p>Marrant, l&rsquo;an dernier, Ogura, champion du monde Moto2 choisit Aprilia pour son d\u00e9but de carri\u00e8re MotoGP. Il n&rsquo;a aucune confiance dans la Honda qui est une superbe machine \u00e0 perdre. Fin 2023, quand Zarco accepte de rouler sur la moto factory de LCR, on se dit l\u00e0 aussi que le cimeti\u00e8re des \u00e9l\u00e9phants n&rsquo;est pas loin. Et pourtant, alors qu&rsquo;il est seul, sur les quatre pilotes de l&rsquo;usine, \u00e0 se battre vraiment, il r\u00e9alise des miracles. Du coup la moto devient plus int\u00e9ressante pour les calibres aussi. Idem chez Yamaha, on a vu Quartararo, lui aussi seul parmi les quatre de la marque bleue, r\u00e9ussir de jolis coups et \u00e0 ce point de la saison, Quartararo est six au g\u00e9n\u00e9ral, Zarco sept. Derri\u00e8re cinq Ducati, marque encore imbattable mais Quartataro n&rsquo;est pas pass\u00e9 loin du miracle \u00e0 Jerez. Du coup, c\u00f4t\u00e9 calibres, on commence \u00e0 r\u00eaver, le retour des Japonaises, \u00e7a ne se rate pas \u00e7a&#8230; On consid\u00e8re donc qu&rsquo;\u00e0 un an ou deux, \u00e0 part Zarco et Quartararo, il y a aura des places vacantes chez les deux constructeurs. Qui ? On sait que le Turc Razgatlioglu, double champion du monde de WSBK, pilote balaise battu cette ann\u00e9e par un talent, Bulega et un r\u00e8glement absurdissime de la FIM, frappe \u00e0 la porte des Japonais. Enfin son agent. Mais probl\u00e8me, justement, cette ann\u00e9e, manifestement, m\u00eame si tout peut arriver dans ce sport, Razga est battu. Alors Acosta bien s\u00fbr, en plus son \u00e9curie est probablement en train d&rsquo;\u00eatre rachet\u00e9e vise lui aussi un guidon japonais. Zarco a d\u00e9j\u00e0 dit qu&rsquo;il pr\u00e9f\u00e9rerait les voir se battre \u00e0 la porte de Yamaha parce que lui, Johann, aimerait bien recevoir le bonus de son courage et de ses qualit\u00e9s de metteur au point par un passage en team factory. Destin&#8230; Parfois cruel, toujours joueur&#8230;<\/p>\n","protected":false},"excerpt":{"rendered":"Marrant, l&rsquo;an dernier, Ogura, champion du monde Moto2 choisit Aprilia pour son d\u00e9but de carri\u00e8re MotoGP. Il n&rsquo;a&hellip;\n","protected":false},"author":2,"featured_media":78497,"comment_status":"","ping_status":"","sticky":false,"template":"","format":"standard","meta":{"footnotes":""},"categories":[1413],"tags":[17,4269,18475,1011,27,4922,1579,1461,1457,1456,1458,11653,18474,18473,5832,60,4921,11651],"class_list":{"0":"post-78496","1":"post","2":"type-post","3":"status-publish","4":"format-standard","5":"has-post-thumbnail","7":"category-moto","8":"tag-17","9":"tag-acosta","10":"tag-destins","11":"tag-fr","12":"tag-france","13":"tag-honda","14":"tag-ktm","15":"tag-marc-marquez","16":"tag-moto","17":"tag-motocycle","18":"tag-motogp","19":"tag-quartararo","20":"tag-razgatlioglu","21":"tag-rossi","22":"tag-sepang","23":"tag-sports","24":"tag-yamaha","25":"tag-zarco"},"share_on_mastodon":{"url":"https:\/\/pubeurope.com\/@fr\/114459252037790414","error":""},"_links":{"self":[{"href":"https:\/\/www.europesays.com\/fr\/wp-json\/wp\/v2\/posts\/78496","targetHints":{"allow":["GET"]}}],"collection":[{"href":"https:\/\/www.europesays.com\/fr\/wp-json\/wp\/v2\/posts"}],"about":[{"href":"https:\/\/www.europesays.com\/fr\/wp-json\/wp\/v2\/types\/post"}],"author":[{"embeddable":true,"href":"https:\/\/www.europesays.com\/fr\/wp-json\/wp\/v2\/users\/2"}],"replies":[{"embeddable":true,"href":"https:\/\/www.europesays.com\/fr\/wp-json\/wp\/v2\/comments?post=78496"}],"version-history":[{"count":0,"href":"https:\/\/www.europesays.com\/fr\/wp-json\/wp\/v2\/posts\/78496\/revisions"}],"wp:featuredmedia":[{"embeddable":true,"href":"https:\/\/www.europesays.com\/fr\/wp-json\/wp\/v2\/media\/78497"}],"wp:attachment":[{"href":"https:\/\/www.europesays.com\/fr\/wp-json\/wp\/v2\/media?parent=78496"}],"wp:term":[{"taxonomy":"category","embeddable":true,"href":"https:\/\/www.europesays.com\/fr\/wp-json\/wp\/v2\/categories?post=78496"},{"taxonomy":"post_tag","embeddable":true,"href":"https:\/\/www.europesays.com\/fr\/wp-json\/wp\/v2\/tags?post=78496"}],"curies":[{"name":"wp","href":"https:\/\/api.w.org\/{rel}","templated":true}]}}