{"id":785015,"date":"2026-03-08T20:33:14","date_gmt":"2026-03-08T20:33:14","guid":{"rendered":"https:\/\/www.europesays.com\/fr\/785015\/"},"modified":"2026-03-08T20:33:14","modified_gmt":"2026-03-08T20:33:14","slug":"au-royaume-uni-la-monarchie-et-le-gouvernement-sous-le-feu-de-laffaire-epstein","status":"publish","type":"post","link":"https:\/\/www.europesays.com\/fr\/785015\/","title":{"rendered":"Au Royaume-Uni, la monarchie et le gouvernement sous le feu de l\u2019affaire Epstein"},"content":{"rendered":"\n<p class=\"article__paragraph  \">Ces clich\u00e9s ont fait le tour du monde\u00a0: sur le premier, Andrew Mountbatten-Windsor, fr\u00e8re du roi Charles III, appara\u00eet, les yeux effar\u00e9s, tentant d\u2019\u00e9chapper au fond de sa voiture aux flashs des paparazzis post\u00e9s \u00e0 la sortie d\u2019un commissariat de police du Norfolk (nord-est de l\u2019Angleterre), le 19\u00a0f\u00e9vrier. Sur l\u2019autre, pris quatre jours plus tard, Peter Mandelson est immortalis\u00e9 la mine sombre, encadr\u00e9 de policiers en civil venus l\u2019arr\u00eater \u00e0 son domicile pr\u00e8s de Regent\u2019s Park, au centre de Londres. Dans le cas de l\u2019ex-prince comme dans celui de l\u2019ancien ministre de Tony Blair et de Gordon Brown, les forces de l\u2019ordre enqu\u00eatent sur des suspicions de \u00ab\u00a0mauvaise conduite dans l\u2019exercice de [leurs]<strong> <\/strong>fonctions\u00a0\u00bb, pour avoir transmis des informations confidentielles \u00e0 un ami commun\u00a0: le criminel sexuel Jeffrey Epstein.<\/p>\n<p class=\"article__paragraph  \">Cette infraction est notoirement difficile \u00e0 \u00e9tablir et ni Andrew Mountbatten-Windsor, 66\u00a0ans, ni Peter Mandelson, 72\u00a0ans, ne sont inculp\u00e9s d\u00e9but mars. Pourtant, le seul fait que ces deux hommes doivent enfin rendre des comptes comme des citoyens ordinaires semble marquer la fin d\u2019une \u00e9poque pour une g\u00e9n\u00e9ration de personnages puissants au Royaume-Uni, qu\u2019ils soient membres de la famille royale ou de l\u2019intelligentsia politique.<\/p>\n<p class=\"article__paragraph  \">Pendant quarante ans, Peter Mandelson, un des p\u00e8res du New Labour (le Parti travailliste d\u00e9barrass\u00e9 de ses valeurs socialistes par Tony Blair) a joui d\u2019une \u00e9norme influence malgr\u00e9 une r\u00e9putation entach\u00e9e de scandales. Celui que les m\u00e9dias ont baptis\u00e9 le \u00ab\u00a0Prince des t\u00e9n\u00e8bres\u00a0\u00bb pour son habilet\u00e9 et son absence de scrupules doit rendre son portefeuille de ministre du commerce de Tony Blair en\u00a01998\u00a0pour n\u2019avoir pas d\u00e9clar\u00e9 un emprunt d\u2019un montant \u00e9quivalent \u00e0 plus de 400\u00a0000\u00a0euros aupr\u00e8s d\u2019un coll\u00e8gue du gouvernement. Un an plus tard, il est pourtant nomm\u00e9 secr\u00e9taire d\u2019Etat \u00e0 l\u2019Irlande du Nord. Mais il doit de nouveau d\u00e9missionner, soup\u00e7onn\u00e9 d\u2019avoir facilit\u00e9 la demande de passeport d\u2019un homme d\u2019affaires indien.<\/p>\n<p class=\"reading-mode-only \"><strong>Il vous reste 66.39% de cet article \u00e0 lire. La suite est r\u00e9serv\u00e9e aux abonn\u00e9s.<\/strong><\/p>\n","protected":false},"excerpt":{"rendered":"Ces clich\u00e9s ont fait le tour du monde\u00a0: sur le premier, Andrew Mountbatten-Windsor, fr\u00e8re du roi Charles III,&hellip;\n","protected":false},"author":2,"featured_media":785016,"comment_status":"","ping_status":"","sticky":false,"template":"","format":"standard","meta":{"footnotes":"","_share_on_mastodon":"0"},"categories":[1588],"tags":[11,1777,674,12,473,1853,1851,1850,1852],"class_list":["post-785015","post","type-post","status-publish","format-standard","has-post-thumbnail","category-royaume-uni","tag-actualites","tag-eu","tag-europe","tag-news","tag-royaume-uni","tag-royaume-uni-de-grande-bretagne-et-dirlande-du-nord","tag-uk","tag-united-kingdom","tag-united-kingdom-of-great-britain-and-northern-ireland"],"share_on_mastodon":{"url":"https:\/\/pubeurope.com\/@fr\/116195466055302780","error":""},"_links":{"self":[{"href":"https:\/\/www.europesays.com\/fr\/wp-json\/wp\/v2\/posts\/785015","targetHints":{"allow":["GET"]}}],"collection":[{"href":"https:\/\/www.europesays.com\/fr\/wp-json\/wp\/v2\/posts"}],"about":[{"href":"https:\/\/www.europesays.com\/fr\/wp-json\/wp\/v2\/types\/post"}],"author":[{"embeddable":true,"href":"https:\/\/www.europesays.com\/fr\/wp-json\/wp\/v2\/users\/2"}],"replies":[{"embeddable":true,"href":"https:\/\/www.europesays.com\/fr\/wp-json\/wp\/v2\/comments?post=785015"}],"version-history":[{"count":0,"href":"https:\/\/www.europesays.com\/fr\/wp-json\/wp\/v2\/posts\/785015\/revisions"}],"wp:featuredmedia":[{"embeddable":true,"href":"https:\/\/www.europesays.com\/fr\/wp-json\/wp\/v2\/media\/785016"}],"wp:attachment":[{"href":"https:\/\/www.europesays.com\/fr\/wp-json\/wp\/v2\/media?parent=785015"}],"wp:term":[{"taxonomy":"category","embeddable":true,"href":"https:\/\/www.europesays.com\/fr\/wp-json\/wp\/v2\/categories?post=785015"},{"taxonomy":"post_tag","embeddable":true,"href":"https:\/\/www.europesays.com\/fr\/wp-json\/wp\/v2\/tags?post=785015"}],"curies":[{"name":"wp","href":"https:\/\/api.w.org\/{rel}","templated":true}]}}