{"id":78506,"date":"2025-05-06T05:36:12","date_gmt":"2025-05-06T05:36:12","guid":{"rendered":"https:\/\/www.europesays.com\/fr\/78506\/"},"modified":"2025-05-06T05:36:12","modified_gmt":"2025-05-06T05:36:12","slug":"au-mucem-et-a-la-vieille-charite-lartiste-laure-prouvost-sempare-de-marseille","status":"publish","type":"post","link":"https:\/\/www.europesays.com\/fr\/78506\/","title":{"rendered":"Au Mucem et \u00e0 la Vieille Charit\u00e9, l&rsquo;artiste Laure Prouvost s&#8217;empare de Marseille"},"content":{"rendered":"<p>Connue pour avoir repr\u00e9sent\u00e9 la France lors de la 58e biennale de Venise en 2019, <a href=\"https:\/\/www.humanite.fr\/culture-et-savoir\/musees\/musee-mon-beau-musee-que-vois-tu-donc-venir-705632\" rel=\"nofollow noopener\" target=\"_blank\">Laure Prouvost<\/a> offre une g\u00e9n\u00e9reuse r\u00e9ponse \u00e0 l\u2019invitation qui lui a \u00e9t\u00e9 faite par trois institutions, phares de Marseille, le Mucem, de MAC et la Vieille Charit\u00e9. Le Mucem dans l\u2019espace du Fort Saint-Jean et les mus\u00e9es de la ville lui donnent la part belle pour\u00a0un parcours initiatique enti\u00e8rement gratuit. <\/p>\n<p>La partie visible et qui donne le la est une \u00e9norme&#8230;<\/p>\n","protected":false},"excerpt":{"rendered":"Connue pour avoir repr\u00e9sent\u00e9 la France lors de la 58e biennale de Venise en 2019, Laure Prouvost offre&hellip;\n","protected":false},"author":2,"featured_media":78507,"comment_status":"","ping_status":"","sticky":false,"template":"","format":"standard","meta":{"footnotes":""},"categories":[1358],"tags":[1348,1384,1385,1386,58,59,18476,1011,27,884,6864],"class_list":{"0":"post-78506","1":"post","2":"type-post","3":"status-publish","4":"format-standard","5":"has-post-thumbnail","7":"category-arts-et-design","8":"tag-arts","9":"tag-arts-and-design","10":"tag-arts-et-design","11":"tag-design","12":"tag-divertissement","13":"tag-entertainment","14":"tag-esposition","15":"tag-fr","16":"tag-france","17":"tag-marseille","18":"tag-mucem"},"share_on_mastodon":{"url":"https:\/\/pubeurope.com\/@fr\/114459271784965425","error":""},"_links":{"self":[{"href":"https:\/\/www.europesays.com\/fr\/wp-json\/wp\/v2\/posts\/78506","targetHints":{"allow":["GET"]}}],"collection":[{"href":"https:\/\/www.europesays.com\/fr\/wp-json\/wp\/v2\/posts"}],"about":[{"href":"https:\/\/www.europesays.com\/fr\/wp-json\/wp\/v2\/types\/post"}],"author":[{"embeddable":true,"href":"https:\/\/www.europesays.com\/fr\/wp-json\/wp\/v2\/users\/2"}],"replies":[{"embeddable":true,"href":"https:\/\/www.europesays.com\/fr\/wp-json\/wp\/v2\/comments?post=78506"}],"version-history":[{"count":0,"href":"https:\/\/www.europesays.com\/fr\/wp-json\/wp\/v2\/posts\/78506\/revisions"}],"wp:featuredmedia":[{"embeddable":true,"href":"https:\/\/www.europesays.com\/fr\/wp-json\/wp\/v2\/media\/78507"}],"wp:attachment":[{"href":"https:\/\/www.europesays.com\/fr\/wp-json\/wp\/v2\/media?parent=78506"}],"wp:term":[{"taxonomy":"category","embeddable":true,"href":"https:\/\/www.europesays.com\/fr\/wp-json\/wp\/v2\/categories?post=78506"},{"taxonomy":"post_tag","embeddable":true,"href":"https:\/\/www.europesays.com\/fr\/wp-json\/wp\/v2\/tags?post=78506"}],"curies":[{"name":"wp","href":"https:\/\/api.w.org\/{rel}","templated":true}]}}