{"id":7851,"date":"2025-04-07T12:40:08","date_gmt":"2025-04-07T12:40:08","guid":{"rendered":"https:\/\/www.europesays.com\/fr\/7851\/"},"modified":"2025-04-07T12:40:08","modified_gmt":"2025-04-07T12:40:08","slug":"les-classements-porsche-carrera-cup-france-apres-barcelone","status":"publish","type":"post","link":"https:\/\/www.europesays.com\/fr\/7851\/","title":{"rendered":"Les classements Porsche Carrera Cup France apr\u00e8s Barcelone"},"content":{"rendered":"<p>Le premier meeting de Barcelone en Porsche Carrera Cup France a vu la domination du pigiste Theo Oeverhaus, venu remplacer Mathys Jaubert sur la Porsche 911 GT3 Cup &#8211; Martinet by Alm\u00e9ras. Mais les deux courses ont montr\u00e9 que la lutte serait disput\u00e9e cette saison. Voici les classements g\u00e9n\u00e9raux au terme de l&rsquo;ouverture catalane.<\/p>\n<p>\u00a0<\/p>\n<p>General Pilotes<\/p>\n<p>\u00a0<\/p>\n<ul>\n<li><strong>1. T. Oeverhaus (Martinet by Alm\u00e9ras) 53 pts<\/strong><\/li>\n<li>2. M. Klein (ABM) 38 pts<\/li>\n<li>3. P. Cauhaup\u00e9 (ABM) 37 pts<\/li>\n<li>4. L. Perrot (Schumacher CLRT) 23 pts<\/li>\n<li>5. K. Masters (TFT Racing) 22 pts<\/li>\n<li>6. C. Kieffer (CLRT Schumacher) 21 pts<\/li>\n<li>7. M. Amand (CLRT Schumacher) 20 pts<\/li>\n<li>8. B. Paque (TFT Racing) 15 pts<\/li>\n<li>9. H. Chevalier (Debard Automobiles by Racetivity) 15 pts<\/li>\n<li>10. E. Jouli\u00e9 (Martinet by Alm\u00e9ras) 13 pts<\/li>\n<li>11. M. Cappuccio (ABM) 11 pts<\/li>\n<li>12. M. Guillot (ABM) 9 pts<\/li>\n<li>13. J. Leneutre (Racing Technology) 6 pts<\/li>\n<li>14. J. Boullery (Racing Technology) 3 pts<\/li>\n<li>15. K. Gaillard (Schumacher CLRT) 2 pts<\/li>\n<li>16. C. Caillo (Racing Technology) 2 pts<\/li>\n<\/ul>\n<p>Rookie<\/p>\n<p>\u00a0<\/p>\n<ul>\n<li><strong>1. C. Kieffer 24 pts<\/strong><\/li>\n<li>2. E. Jouli\u00e9 13 pts<\/li>\n<li>3. M. Cappuccio 11 pts<\/li>\n<li>4. J. Leneutre 7 pts<\/li>\n<li>5. K. Gaillard 2 pts<\/li>\n<\/ul>\n<p>Pro-Am<\/p>\n<p>\u00a0<\/p>\n<ul>\n<li><strong>1. M. Guillot 52 pts<\/strong><\/li>\n<li>2. C. Caillo 37 pts<\/li>\n<li>3. J. Boullery 22 pts<\/li>\n<\/ul>\n<p>Am<\/p>\n<p>\u00a0<\/p>\n<ul>\n<li><strong>1. E. Debard (Debard Automobiles by Racetivity) 51 pts<\/strong><\/li>\n<li>2. J-P. Gambaro (ABM) 39 pts<\/li>\n<li>3. J. Boisson (TFT Racing) 38 pts<\/li>\n<\/ul>\n<p>\u00a0<\/p>\n<p>Teams<\/p>\n<p>\u00a0<\/p>\n<ul>\n<li><strong>1. ABM 75 pts<\/strong><\/li>\n<li>2. Martinet by Alm\u00e9ras 66 pts<\/li>\n<li>3. CLRT Schumacher 41 pts<\/li>\n<li>4. TFT Racing 37 pts<\/li>\n<li>5. Schumacher CLRT 25 pts<\/li>\n<li>6. Debard Automobiles by Racetivity 15 pts<\/li>\n<\/ul>\n","protected":false},"excerpt":{"rendered":"Le premier meeting de Barcelone en Porsche Carrera Cup France a vu la domination du pigiste Theo Oeverhaus,&hellip;\n","protected":false},"author":2,"featured_media":7852,"comment_status":"","ping_status":"","sticky":false,"template":"","format":"standard","meta":{"footnotes":""},"categories":[4],"tags":[4208,4214,11,4198,4197,4207,4215,4209,4194,4195,4211,4196,1011,27,4216,4201,4205,4200,4221,4204,4212,4206,4217,2191,4218,4203,4219,12,4210,25,4213,4199,4220,4202],"class_list":{"0":"post-7851","1":"post","2":"type-post","3":"status-publish","4":"format-standard","5":"has-post-thumbnail","7":"category-france","8":"tag-24h-nurburgring-vln","9":"tag-24h-series","10":"tag-actualites","11":"tag-adac-gt-masters","12":"tag-asian-le-mans-series","13":"tag-british-gt","14":"tag-club-des-pilotes-des-24h-du-mans","15":"tag-dtm","16":"tag-endurance-info","17":"tag-european-le-mans-series","18":"tag-ffsa-gt","19":"tag-fia-wec","20":"tag-fr","21":"tag-france","22":"tag-green-racing","23":"tag-gt-open","24":"tag-gt-sports-club","25":"tag-gt-world-challenge-america","26":"tag-gt-world-challenge-asia","27":"tag-gt-world-challenge-europe","28":"tag-gulf12","29":"tag-imsa","30":"tag-intercontinental-gt-challenge","31":"tag-le-mans","32":"tag-le-mans-classic","33":"tag-ligier-european-series","34":"tag-michelin-le-mans-cup","35":"tag-news","36":"tag-porsche-carrera-cup-france","37":"tag-republique-francaise","38":"tag-sport-paddle","39":"tag-super-gt","40":"tag-supercar","41":"tag-ultimate-cup-series"},"share_on_mastodon":{"url":"","error":"Validation failed: Text character limit of 500 exceeded"},"_links":{"self":[{"href":"https:\/\/www.europesays.com\/fr\/wp-json\/wp\/v2\/posts\/7851","targetHints":{"allow":["GET"]}}],"collection":[{"href":"https:\/\/www.europesays.com\/fr\/wp-json\/wp\/v2\/posts"}],"about":[{"href":"https:\/\/www.europesays.com\/fr\/wp-json\/wp\/v2\/types\/post"}],"author":[{"embeddable":true,"href":"https:\/\/www.europesays.com\/fr\/wp-json\/wp\/v2\/users\/2"}],"replies":[{"embeddable":true,"href":"https:\/\/www.europesays.com\/fr\/wp-json\/wp\/v2\/comments?post=7851"}],"version-history":[{"count":0,"href":"https:\/\/www.europesays.com\/fr\/wp-json\/wp\/v2\/posts\/7851\/revisions"}],"wp:featuredmedia":[{"embeddable":true,"href":"https:\/\/www.europesays.com\/fr\/wp-json\/wp\/v2\/media\/7852"}],"wp:attachment":[{"href":"https:\/\/www.europesays.com\/fr\/wp-json\/wp\/v2\/media?parent=7851"}],"wp:term":[{"taxonomy":"category","embeddable":true,"href":"https:\/\/www.europesays.com\/fr\/wp-json\/wp\/v2\/categories?post=7851"},{"taxonomy":"post_tag","embeddable":true,"href":"https:\/\/www.europesays.com\/fr\/wp-json\/wp\/v2\/tags?post=7851"}],"curies":[{"name":"wp","href":"https:\/\/api.w.org\/{rel}","templated":true}]}}