{"id":78514,"date":"2025-05-06T05:40:17","date_gmt":"2025-05-06T05:40:17","guid":{"rendered":"https:\/\/www.europesays.com\/fr\/78514\/"},"modified":"2025-05-06T05:40:17","modified_gmt":"2025-05-06T05:40:17","slug":"trailer-cedric-klapisch-fait-dialoguer-les-epoques-dans-la-venue-de-lavenir","status":"publish","type":"post","link":"https:\/\/www.europesays.com\/fr\/78514\/","title":{"rendered":"[Trailer] C\u00e9dric Klapisch fait dialoguer les \u00e9poques dans \u201cLa Venue de l\u2019avenir\u201d"},"content":{"rendered":"<p>S\u00e9lectionn\u00e9e hors comp\u00e9tition au Festival de Cannes 2025, la nouvelle com\u00e9die familiale de C\u00e9dric Klapisch se d\u00e9voile dans une premi\u00e8re bande-annonce.<\/p>\n<p>Trois ans apr\u00e8s <a href=\"https:\/\/www.lesinrocks.com\/cinema\/en-corps-le-klapisch-de-trop-452166-29-03-2022\/\" target=\"_blank\" rel=\"noopener\">En Corps<\/a> et une parenth\u00e8se op\u00e9ratique (avec La Fl\u00fbte Enchant\u00e9e), C\u00e9dric Klapisch revient au cin\u00e9ma avec La Venue de l\u2019avenir, une fresque familiale qui m\u00eale les \u00e9poques et les g\u00e9n\u00e9rations. \u00c0 l\u2019approche de <a href=\"https:\/\/www.lesinrocks.com\/cinema\/festival-de-cannes-2025-voici-la-selection-officielle-655717-10-04-2025\/\" target=\"_blank\" rel=\"noopener\">sa projection sur la Croisette<\/a>, le film se d\u00e9voile \u00e0 travers des premi\u00e8res images. Alternant entre 1895 et 2025, l\u2019intrigue suit plusieurs cousin\u00b7es \u00e9loign\u00e9\u00b7es r\u00e9uni\u00b7es apr\u00e8s l\u2019h\u00e9ritage inattendu d\u2019une maison abandonn\u00e9e.<\/p>\n<p>Pour donner vie \u00e0 cette qu\u00eate familiale, le cin\u00e9aste s\u2019est entour\u00e9 d\u2019un casting prestigieux, notamment compos\u00e9 de Suzanne Lindon, <a href=\"https:\/\/www.lesinrocks.com\/cinema\/nos-jeunes-gens-modernes-paul-kircher-etre-moderne-cest-trouver-son-systeme-a-soi-trouver-du-sens-619776-02-06-2024\/\" target=\"_blank\" rel=\"noopener\">Paul Kircher<\/a>, <a href=\"https:\/\/www.lesinrocks.com\/cinema\/vassili-schneider-je-reverais-de-jouer-michel-berger-jeune-619670-23-05-2024\/\" target=\"_blank\" rel=\"noopener\">Vassili Schneider<\/a>, Vincent Macaigne, C\u00e9cile de France et Julia Piaton.<\/p>\n<p><strong>La Venue de l\u2019avenir de C\u00e9dric Klapisch, avec Suzanne Lindon, <strong>Zinedine Soualem<\/strong><\/strong>, <strong>Vincent Macaigne, Paul Kircher, Vassili Schneider. En salle le 22 mai.<\/strong><\/p><\/p>\n","protected":false},"excerpt":{"rendered":"S\u00e9lectionn\u00e9e hors comp\u00e9tition au Festival de Cannes 2025, la nouvelle com\u00e9die familiale de C\u00e9dric Klapisch se d\u00e9voile dans&hellip;\n","protected":false},"author":2,"featured_media":78515,"comment_status":"","ping_status":"","sticky":false,"template":"","format":"standard","meta":{"footnotes":""},"categories":[1354],"tags":[18477,58,59,1346,1011,27,1360,18478],"class_list":{"0":"post-78514","1":"post","2":"type-post","3":"status-publish","4":"format-standard","5":"has-post-thumbnail","7":"category-films","8":"tag-cu00e9dric-klapisch","9":"tag-divertissement","10":"tag-entertainment","11":"tag-films","12":"tag-fr","13":"tag-france","14":"tag-movies","15":"tag-trailer"},"share_on_mastodon":{"url":"https:\/\/pubeurope.com\/@fr\/114459287383868423","error":""},"_links":{"self":[{"href":"https:\/\/www.europesays.com\/fr\/wp-json\/wp\/v2\/posts\/78514","targetHints":{"allow":["GET"]}}],"collection":[{"href":"https:\/\/www.europesays.com\/fr\/wp-json\/wp\/v2\/posts"}],"about":[{"href":"https:\/\/www.europesays.com\/fr\/wp-json\/wp\/v2\/types\/post"}],"author":[{"embeddable":true,"href":"https:\/\/www.europesays.com\/fr\/wp-json\/wp\/v2\/users\/2"}],"replies":[{"embeddable":true,"href":"https:\/\/www.europesays.com\/fr\/wp-json\/wp\/v2\/comments?post=78514"}],"version-history":[{"count":0,"href":"https:\/\/www.europesays.com\/fr\/wp-json\/wp\/v2\/posts\/78514\/revisions"}],"wp:featuredmedia":[{"embeddable":true,"href":"https:\/\/www.europesays.com\/fr\/wp-json\/wp\/v2\/media\/78515"}],"wp:attachment":[{"href":"https:\/\/www.europesays.com\/fr\/wp-json\/wp\/v2\/media?parent=78514"}],"wp:term":[{"taxonomy":"category","embeddable":true,"href":"https:\/\/www.europesays.com\/fr\/wp-json\/wp\/v2\/categories?post=78514"},{"taxonomy":"post_tag","embeddable":true,"href":"https:\/\/www.europesays.com\/fr\/wp-json\/wp\/v2\/tags?post=78514"}],"curies":[{"name":"wp","href":"https:\/\/api.w.org\/{rel}","templated":true}]}}