{"id":785290,"date":"2026-03-08T23:38:19","date_gmt":"2026-03-08T23:38:19","guid":{"rendered":"https:\/\/www.europesays.com\/fr\/785290\/"},"modified":"2026-03-08T23:38:19","modified_gmt":"2026-03-08T23:38:19","slug":"beaucoup-de-gens-sont-fautifs","status":"publish","type":"post","link":"https:\/\/www.europesays.com\/fr\/785290\/","title":{"rendered":"\u00ab\u00a0Beaucoup de gens sont fautifs\u00a0\u00bb"},"content":{"rendered":"<p>Apr\u00e8s la gifle re\u00e7ue \u00e0 domicile face \u00e0 Rennes, le capitaine de Nice Dante accuse\u00a0: \u00ab\u00a0Beaucoup de gens sont fautifs\u00a0\u00bb<\/p>\n<p>Apr\u00e8s la claque donn\u00e9e \u00e0 domicile par le Rennes de Franck Haise (0-4), Dante, le capitaine de Nice, a rappel\u00e9 la gravit\u00e9 de la situation de son club, plus que jamais en danger dans la lutte pour le maintien. Sans oublier d&rsquo;\u00e9gratigner certaines personnes qu&rsquo;il n&rsquo;a pas nomm\u00e9es.<\/p>\n","protected":false},"excerpt":{"rendered":"Apr\u00e8s la gifle re\u00e7ue \u00e0 domicile face \u00e0 Rennes, le capitaine de Nice Dante accuse\u00a0: \u00ab\u00a0Beaucoup de gens&hellip;\n","protected":false},"author":2,"featured_media":785291,"comment_status":"","ping_status":"","sticky":false,"template":"","format":"standard","meta":{"footnotes":"","_share_on_mastodon":"0"},"categories":[2821],"tags":[1111,11,829,1777,674,1011,27,12,584,25],"class_list":["post-785290","post","type-post","status-publish","format-standard","has-post-thumbnail","category-rennes","tag-actu","tag-actualites","tag-bretagne","tag-eu","tag-europe","tag-fr","tag-france","tag-news","tag-rennes","tag-republique-francaise"],"share_on_mastodon":{"url":"https:\/\/pubeurope.com\/@fr\/116196193784689675","error":""},"_links":{"self":[{"href":"https:\/\/www.europesays.com\/fr\/wp-json\/wp\/v2\/posts\/785290","targetHints":{"allow":["GET"]}}],"collection":[{"href":"https:\/\/www.europesays.com\/fr\/wp-json\/wp\/v2\/posts"}],"about":[{"href":"https:\/\/www.europesays.com\/fr\/wp-json\/wp\/v2\/types\/post"}],"author":[{"embeddable":true,"href":"https:\/\/www.europesays.com\/fr\/wp-json\/wp\/v2\/users\/2"}],"replies":[{"embeddable":true,"href":"https:\/\/www.europesays.com\/fr\/wp-json\/wp\/v2\/comments?post=785290"}],"version-history":[{"count":0,"href":"https:\/\/www.europesays.com\/fr\/wp-json\/wp\/v2\/posts\/785290\/revisions"}],"wp:featuredmedia":[{"embeddable":true,"href":"https:\/\/www.europesays.com\/fr\/wp-json\/wp\/v2\/media\/785291"}],"wp:attachment":[{"href":"https:\/\/www.europesays.com\/fr\/wp-json\/wp\/v2\/media?parent=785290"}],"wp:term":[{"taxonomy":"category","embeddable":true,"href":"https:\/\/www.europesays.com\/fr\/wp-json\/wp\/v2\/categories?post=785290"},{"taxonomy":"post_tag","embeddable":true,"href":"https:\/\/www.europesays.com\/fr\/wp-json\/wp\/v2\/tags?post=785290"}],"curies":[{"name":"wp","href":"https:\/\/api.w.org\/{rel}","templated":true}]}}