{"id":785303,"date":"2026-03-08T23:46:18","date_gmt":"2026-03-08T23:46:18","guid":{"rendered":"https:\/\/www.europesays.com\/fr\/785303\/"},"modified":"2026-03-08T23:46:18","modified_gmt":"2026-03-08T23:46:18","slug":"ball-nationale-2-masculine-les-pexinois-repartent-de-lavant-a-bordeaux","status":"publish","type":"post","link":"https:\/\/www.europesays.com\/fr\/785303\/","title":{"rendered":"ball &#8211; Nationale 2\u00a0masculine. Les Pexinois repartent de l\u2019avant \u00e0 Bordeaux"},"content":{"rendered":"<p>\n                Article premium,<br \/>\n                    R\u00e9serv\u00e9 aux\u00a0abonn\u00e9s\n            <\/p>\n<p class=\"su-standfirst chapeau\">Les Niortais, qui n\u2019avaient plus connu le go\u00fbt de la victoire depuis six rencontres, se sont impos\u00e9s 3-1 ce dimanche 8\u00a0mars 2026 dans la salle des JSA Bordeaux.<\/p>\n<p>                                        <img decoding=\"async\" class=\"su-media\" src=\"https:\/\/media.ouest-france.fr\/v1\/pictures\/MjAyNjAzYzBlODVjNjRiYzY1N2ExYTg3OWUwNDI2YjI0ZTQ3OWI?width=1260&amp;height=708&amp;focuspoint=50%2C25&amp;cropresize=1&amp;client_id=bpeditorial&amp;sign=e3a35661a576959602c1790d598a0fa3a77a1001bd49d4c871571168bc70d8c9\" alt=\"Charles Engoh\u00e9 et les Pexinois occupentla 9e place du classement.\"  \/><\/p>\n<p>                            Charles Engoh\u00e9 et les Pexinois occupentla 9e place du classement. | CO &#8211; CHRISTOPHE BERNARD<\/p>\n<p>                            fermer<\/p>\n<ul class=\"su-row su-carrousel-container su-not-list\" data-suswipe=\"{\" rambo=\"\" .carrousel-nav-bas=\"\" .item=\"\">\n<li class=\"su-col-xs-6 su-col-md-24 carrousel-contenu su-carrousel-item\" data-ofvwidth=\"{\" mobileonly=\"\"><img decoding=\"async\" data-ofmaxheight=\"\" class=\"su-media lazyload\" alt=\"Charles Engoh\u00e9 et les Pexinois occupentla 9e place du classement.\" src=\"data:image\/png;base64,iVBORw0KGgoAAAANSUhEUgAAABAAAAAJCAYAAAA7KqwyAAAAGXRFWHRTb2Z0d2FyZQBBZG9iZSBJbWFnZVJlYWR5ccllPAAAABhJREFUeNpi\/P\/\/PwMlgHHUgFEDgAAgwAD+lBrvy+NcxAAAAABJRU5ErkJggg==\" data-oflazyload=\"{&quot;srcset&quot;:&quot;https:\/\/media.ouest-france.fr\/v1\/pictures\/MjAyNjAzYzBlODVjNjRiYzY1N2ExYTg3OWUwNDI2YjI0ZTQ3OWI?width=320&amp;focuspoint=50%2C25&amp;cropresize=1&amp;client_id=bpeditorial&amp;sign=770955dd1d3ffff26d6decfb8bedbd1cde4b6b7c670683646c44b172e496129b 320w,https:\/\/media.ouest-france.fr\/v1\/pictures\/MjAyNjAzYzBlODVjNjRiYzY1N2ExYTg3OWUwNDI2YjI0ZTQ3OWI?width=375&amp;focuspoint=50%2C25&amp;cropresize=1&amp;client_id=bpeditorial&amp;sign=fe6ff2dc1b691500842227c1a98cbb819d73218e56452eb3862cb9a26ced04d4 360w,https:\/\/media.ouest-france.fr\/v1\/pictures\/MjAyNjAzYzBlODVjNjRiYzY1N2ExYTg3OWUwNDI2YjI0ZTQ3OWI?width=480&amp;focuspoint=50%2C25&amp;cropresize=1&amp;client_id=bpeditorial&amp;sign=10765c497fd75c3cf22b0215edc587a53b2fda9b02170ab7d6216a025f00e89e 480w,https:\/\/media.ouest-france.fr\/v1\/pictures\/MjAyNjAzYzBlODVjNjRiYzY1N2ExYTg3OWUwNDI2YjI0ZTQ3OWI?width=630&amp;focuspoint=50%2C25&amp;cropresize=1&amp;client_id=bpeditorial&amp;sign=283280bf3b3d1784a92750ac16884853feb7bc698dbb1d9a2f59424061ed3298 630w,https:\/\/media.ouest-france.fr\/v1\/pictures\/MjAyNjAzYzBlODVjNjRiYzY1N2ExYTg3OWUwNDI2YjI0ZTQ3OWI?width=940&amp;focuspoint=50%2C25&amp;cropresize=1&amp;client_id=bpeditorial&amp;sign=dc9fec57cbab56265a14f6c6960556572a3dcbe00c3452db028b4df20e977723 940w,https:\/\/media.ouest-france.fr\/v1\/pictures\/MjAyNjAzYzBlODVjNjRiYzY1N2ExYTg3OWUwNDI2YjI0ZTQ3OWI?width=1260&amp;focuspoint=50%2C25&amp;cropresize=1&amp;client_id=bpeditorial&amp;sign=f7e9b226f1fedbbb222be6bcda981331f866a8e4c59b4656664c28c993f4d925 1260w&quot;}\"\/>Charles Engoh\u00e9 et les Pexinois occupentla 9e place du classement. | CO &#8211; CHRISTOPHE BERNARD<\/li>\n<\/ul>\n<p>        Publi\u00e9 le 08\/03\/2026  \u00e0 19h31<\/p>\n<p>                            Lire plus tard<\/p>\n<p>                            Partager<\/p>\n<ul id=\"partage-col-gauche\" class=\"su-not-list su-hidden su-margin-top-xs\">\n<li>FacebookFacebook<\/li>\n<li>BlueSkyBlueSky<\/li>\n<li>FlipboardFlipboard<\/li>\n<li>linkedinLinkedIn<\/li>\n<\/ul>\n<p>En s\u2019imposant dans la salle des JSA Bordeaux ce dimanche 8\u00a0mars 2026, les Pexinois Niort ont r\u00e9enclench\u00e9 la marche avant face \u00e0 un concurrent au maintien. Un succ\u00e8s que les visiteurs auront d\u2019abord su parfaitement construire avant de se montrer solides pour s\u2019offrir un vrai soulagement. Les cris de joie et embrassades \u00e0 la fin de la rencontre trahissaient d\u2019ailleurs une forme de lib\u00e9ration chez les Deux-S\u00e9vriens.<\/p>\n<p><strong>&gt;\u00a0LIRE AUSSI.<\/strong>\u00a0<a href=\"https:\/\/www.ouest-france.fr\/sport\/volley\/ligue-a\/volley-ball-cest-passe-vite-cinq-mois-apres-son-operation-anatole-chaboissant-a-deja-fait-son-retour-8c8f4d60-e586-11f0-91a5-1dde61cf54f7\" target=\"_self\" rel=\"nofollow noopener\">Volley-ball. \u00ab\u00a0C\u2019est pass\u00e9 vite\u00a0\u00bb\u00a0: cinq&#8230;<\/a><\/p>\n<p style=\"text-align: center; background-color: #dbbe4d; padding-top: 5px; padding-bottom: 5px; font-size: 14px;\"><strong>D\u00e9j\u00e0 abonn\u00e9 ? <\/strong><a data-trkartmonet=\"Identification\" data-trk-sipa=\"{\" blockcategory=\"\" paywall=\"\" href=\"http:\/\/www.ouest-france.fr\/login?redirect=https:\/\/www.ouest-france.fr\/sport\/volley\/volley-ball-nationale-2-masculine-les-pexinois-repartent-de-lavant-a-bordeaux-8931e8c4-1b1b-11f1-9fa1-ca7616976f61\" rel=\"nofollow noopener\" title=\"Se connecter \u00e0 Ouest-France\" class=\"su-link-light\" target=\"_blank\">Connectez-vous<\/a><\/p>\n<p style=\"text-align: center; padding-top: 15px; padding-bottom: 8px; vertical-align: bottom;\">bloqu\u00e9<strong> Pour lire la suite, abonnez-vous<\/strong><\/p>\n<p style=\"text-align: center;\"><strong>1er mois \u00e0 1\u20ac<\/strong><\/p>\n<p style=\"text-align: center; margin-top: -5px;\">Annulable \u00e0 tout moment<\/p>\n<p style=\"text-align: center;\">\u00a0<\/p>\n<p style=\"text-align: center;\"><a data-ida=\"\" data-trkartmonet=\"Tunnel OF+\" data-trk-sipa=\"{&#010;\" blockcategory=\"\" paywall=\"\" :=\"\" m=\"\" of=\"\" class=\"&#010;        su-button&#010;        su-subscription&#010;        &#010;        &#010;    \" data-trk-bloc=\"paywall\" href=\"https:\/\/abonnement.ouest-france.fr\/le-courrier-de-l-ouest\/tunnel\/pack-essentiel-article\/122096117106?int_medium=lien&amp;int_campaign=PWFR0225-CO&amp;int_content=page-article-payant_boutonjaune-paywall&amp;marquesource=CO&amp;rt=https:\/\/www.ouest-france.fr\/sport\/volley\/volley-ball-nationale-2-masculine-les-pexinois-repartent-de-lavant-a-bordeaux-8931e8c4-1b1b-11f1-9fa1-ca7616976f61\" rel=\"nofollow noopener\" target=\"_blank\"><br \/>\n    <strong>Je m&rsquo;abonne<\/strong><br \/>\n<\/a><\/p>\n<p style=\"text-align: center; padding-top: 10px; padding-bottom: 10px;\"><img decoding=\"async\" src=\"https:\/\/media.ouest-france.fr\/v1\/fonts\/be7723fcee3f1866f1ce99184077fc6f-carte-bancaire.svg?height=36\" alt=\"CB\"\/>\u00a0\u00a0<img decoding=\"async\" src=\"https:\/\/media.ouest-france.fr\/v1\/fonts\/1819d54c599d8afa64539cfba4ac9dde-rib.svg?height=36\" alt=\"RIB\"\/><\/p>\n","protected":false},"excerpt":{"rendered":"Article premium, R\u00e9serv\u00e9 aux\u00a0abonn\u00e9s Les Niortais, qui n\u2019avaient plus connu le go\u00fbt de la victoire depuis six rencontres,&hellip;\n","protected":false},"author":2,"featured_media":785304,"comment_status":"","ping_status":"","sticky":false,"template":"","format":"standard","meta":{"footnotes":"","_share_on_mastodon":"0"},"categories":[2817],"tags":[1111,11,1997,2545,1777,674,1011,27,12,6752,2219,25,517,96,1470],"class_list":["post-785303","post","type-post","status-publish","format-standard","has-post-thumbnail","category-bordeaux","tag-actu","tag-actualites","tag-bordeaux","tag-deux-sevres","tag-eu","tag-europe","tag-fr","tag-france","tag-news","tag-niort","tag-nouvelle-aquitaine","tag-republique-francaise","tag-sport","tag-une","tag-volley"],"share_on_mastodon":{"url":"https:\/\/pubeurope.com\/@fr\/116196225074857871","error":""},"_links":{"self":[{"href":"https:\/\/www.europesays.com\/fr\/wp-json\/wp\/v2\/posts\/785303","targetHints":{"allow":["GET"]}}],"collection":[{"href":"https:\/\/www.europesays.com\/fr\/wp-json\/wp\/v2\/posts"}],"about":[{"href":"https:\/\/www.europesays.com\/fr\/wp-json\/wp\/v2\/types\/post"}],"author":[{"embeddable":true,"href":"https:\/\/www.europesays.com\/fr\/wp-json\/wp\/v2\/users\/2"}],"replies":[{"embeddable":true,"href":"https:\/\/www.europesays.com\/fr\/wp-json\/wp\/v2\/comments?post=785303"}],"version-history":[{"count":0,"href":"https:\/\/www.europesays.com\/fr\/wp-json\/wp\/v2\/posts\/785303\/revisions"}],"wp:featuredmedia":[{"embeddable":true,"href":"https:\/\/www.europesays.com\/fr\/wp-json\/wp\/v2\/media\/785304"}],"wp:attachment":[{"href":"https:\/\/www.europesays.com\/fr\/wp-json\/wp\/v2\/media?parent=785303"}],"wp:term":[{"taxonomy":"category","embeddable":true,"href":"https:\/\/www.europesays.com\/fr\/wp-json\/wp\/v2\/categories?post=785303"},{"taxonomy":"post_tag","embeddable":true,"href":"https:\/\/www.europesays.com\/fr\/wp-json\/wp\/v2\/tags?post=785303"}],"curies":[{"name":"wp","href":"https:\/\/api.w.org\/{rel}","templated":true}]}}