{"id":78534,"date":"2025-05-06T05:51:48","date_gmt":"2025-05-06T05:51:48","guid":{"rendered":"https:\/\/www.europesays.com\/fr\/78534\/"},"modified":"2025-05-06T05:51:48","modified_gmt":"2025-05-06T05:51:48","slug":"un-jour-une-histoire-du-rap-aux-affaires-ferdji-multiplie-les-succes-de-la-scene-aux-franchises","status":"publish","type":"post","link":"https:\/\/www.europesays.com\/fr\/78534\/","title":{"rendered":"Un jour une histoire. Du rap aux affaires Ferdji multiplie les succ\u00e8s de la sc\u00e8ne aux franchises"},"content":{"rendered":"<p>Originaire de Nancy, Ferhat Alakocoglu, alias Ferdji, d\u00e9bute dans le rap \u00e0 9 ans, influenc\u00e9 par Benny B et Ice Mc. Apr\u00e8s des ann\u00e9es de passion pour le rap et le DJing, il remporte plusieurs concours, dont celui du meilleur DJ de l\u2019Est de la France en 2000, puis un concours \u00e0 Nancy en 2003.<\/p>\n<p>Il d\u00e9croche 2\u00a0500\u00a0\u20ac, ce qui lui permet de cr\u00e9er son home studio et de sortir son premier maxi Sale son, qui pose les bases de son univers musical.<\/p>\n<p>L\u2019ann\u00e9e suivante, il fonde son label \u00c9l\u00e9vation Production. Accompagn\u00e9 de Wadja (compositeur) et DJ Skape, il sort l\u2019album Konvoyeur de son, qui se vend \u00e0 10\u00a0 000 exemplaires. Il encha\u00eene avec L\u2019Heure est proche, un album collaboratif avec&#8230;<\/p>\n","protected":false},"excerpt":{"rendered":"Originaire de Nancy, Ferhat Alakocoglu, alias Ferdji, d\u00e9bute dans le rap \u00e0 9 ans, influenc\u00e9 par Benny B&hellip;\n","protected":false},"author":2,"featured_media":78535,"comment_status":"","ping_status":"","sticky":false,"template":"","format":"standard","meta":{"footnotes":""},"categories":[9635],"tags":[1111,11,1687,1704,1777,674,1011,27,775,1702,1703,12,3456,25],"class_list":{"0":"post-78534","1":"post","2":"type-post","3":"status-publish","4":"format-standard","5":"has-post-thumbnail","7":"category-nancy","8":"tag-actu","9":"tag-actualites","10":"tag-culture-loisirs","11":"tag-edition-nancy-et-agglomeration","12":"tag-eu","13":"tag-europe","14":"tag-fr","15":"tag-france","16":"tag-grand-est","17":"tag-nancy","18":"tag-nancy-ville-54b","19":"tag-news","20":"tag-region-lorraine","21":"tag-republique-francaise"},"share_on_mastodon":{"url":"https:\/\/pubeurope.com\/@fr\/114459334639804106","error":""},"_links":{"self":[{"href":"https:\/\/www.europesays.com\/fr\/wp-json\/wp\/v2\/posts\/78534","targetHints":{"allow":["GET"]}}],"collection":[{"href":"https:\/\/www.europesays.com\/fr\/wp-json\/wp\/v2\/posts"}],"about":[{"href":"https:\/\/www.europesays.com\/fr\/wp-json\/wp\/v2\/types\/post"}],"author":[{"embeddable":true,"href":"https:\/\/www.europesays.com\/fr\/wp-json\/wp\/v2\/users\/2"}],"replies":[{"embeddable":true,"href":"https:\/\/www.europesays.com\/fr\/wp-json\/wp\/v2\/comments?post=78534"}],"version-history":[{"count":0,"href":"https:\/\/www.europesays.com\/fr\/wp-json\/wp\/v2\/posts\/78534\/revisions"}],"wp:featuredmedia":[{"embeddable":true,"href":"https:\/\/www.europesays.com\/fr\/wp-json\/wp\/v2\/media\/78535"}],"wp:attachment":[{"href":"https:\/\/www.europesays.com\/fr\/wp-json\/wp\/v2\/media?parent=78534"}],"wp:term":[{"taxonomy":"category","embeddable":true,"href":"https:\/\/www.europesays.com\/fr\/wp-json\/wp\/v2\/categories?post=78534"},{"taxonomy":"post_tag","embeddable":true,"href":"https:\/\/www.europesays.com\/fr\/wp-json\/wp\/v2\/tags?post=78534"}],"curies":[{"name":"wp","href":"https:\/\/api.w.org\/{rel}","templated":true}]}}