{"id":78544,"date":"2025-05-06T05:59:08","date_gmt":"2025-05-06T05:59:08","guid":{"rendered":"https:\/\/www.europesays.com\/fr\/78544\/"},"modified":"2025-05-06T05:59:08","modified_gmt":"2025-05-06T05:59:08","slug":"un-seisme-de-magnitude-36-reveille-les-habitants-en-sursaut","status":"publish","type":"post","link":"https:\/\/www.europesays.com\/fr\/78544\/","title":{"rendered":"un s\u00e9isme de magnitude 3,6 r\u00e9veille les habitants en sursaut"},"content":{"rendered":"<p itemprop=\"description\"><strong>Dans la nuit de lundi \u00e0 mardi, la terre a trembl\u00e9 en Is\u00e8re et en Savoie.<\/strong><\/p>\n<p>A la fronti\u00e8re entre les deux d\u00e9partements, un s\u00e9isme de magnitude 3,6 sur l&rsquo;\u00e9chelle de Richter a \u00e9t\u00e9 mesur\u00e9 vers 3h40 du matin.<\/p>\n<p>Selon le centre sismologique euro-m\u00e9diterran\u00e9en, l&rsquo;\u00e9picentre se trouvait \u00e0 Sainte-Marie-d&rsquo;Alloix, \u00e0 quelques kilom\u00e8tres au nord de Grenoble.<\/p>\n<p>Le s\u00e9isme a dur\u00e9 seulement une vingtaine de secondes mais beaucoup d&rsquo;Is\u00e9rois se sont r\u00e9veill\u00e9s en sursaut, notamment ceux qui poss\u00e8dent des animaux, plus alertes que les humains.<\/p>\n<p>Aucune intervention de pompiers n&rsquo;a \u00e9t\u00e9 n\u00e9cessaire pour ce tremblement de terre qui n&rsquo;a fait ni victime, ni d\u00e9g\u00e2t majeur.<\/p>\n<blockquote class=\"twitter-tweet\"><p>&#13;<\/p>\n<p dir=\"ltr\" lang=\"en\">\ud83d\udd14<a href=\"https:\/\/twitter.com\/hashtag\/Earthquake?src=hash&amp;ref_src=twsrc%5Etfw\" target=\"_blank\" rel=\"noopener\">#Earthquake<\/a> (<a href=\"https:\/\/twitter.com\/hashtag\/s%C3%A9isme?src=hash&amp;ref_src=twsrc%5Etfw\" target=\"_blank\" rel=\"noopener\">#s\u00e9isme<\/a>) M3.5 occurred 21 km S of <a href=\"https:\/\/twitter.com\/hashtag\/Chamb%C3%A9ry?src=hash&amp;ref_src=twsrc%5Etfw\" target=\"_blank\" rel=\"noopener\">#Chamb\u00e9ry<\/a> (<a href=\"https:\/\/twitter.com\/hashtag\/France?src=hash&amp;ref_src=twsrc%5Etfw\" target=\"_blank\" rel=\"noopener\">#France<\/a>) 10 min ago (local time 03:40:08). More info at:<br \/>\ud83d\udcf1<a href=\"https:\/\/t.co\/QMSpuj6Z2H\">https:\/\/t.co\/QMSpuj6Z2H<\/a><br \/>\ud83c\udf10<a href=\"https:\/\/t.co\/8H5l61mG0Y\">https:\/\/t.co\/8H5l61mG0Y<\/a><br \/>\ud83d\udda5<a href=\"https:\/\/t.co\/QAeHhaqOBC\">https:\/\/t.co\/QAeHhaqOBC<\/a> <a href=\"https:\/\/t.co\/Glkq0xKzEr\">pic.twitter.com\/Glkq0xKzEr<\/a><\/p>\n<p>&#13;<br \/>\n\u2014 EMSC (@LastQuake) <a href=\"https:\/\/twitter.com\/LastQuake\/status\/1919570361152045551?ref_src=twsrc%5Etfw\" target=\"_blank\" rel=\"noopener\">May 6, 2025<\/a><\/p><\/blockquote>\n<p>\t\t\t\t\t\t\t\t\t\t\t\t\t\t\t\t\t\t\t<script async src=\"https:\/\/platform.twitter.com\/widgets.js\" charset=\"utf-8\"><\/script><\/p>\n","protected":false},"excerpt":{"rendered":"Dans la nuit de lundi \u00e0 mardi, la terre a trembl\u00e9 en Is\u00e8re et en Savoie. A la&hellip;\n","protected":false},"author":2,"featured_media":78545,"comment_status":"","ping_status":"","sticky":false,"template":"","format":"standard","meta":{"footnotes":""},"categories":[9566],"tags":[1111,11,7733,8279,2430,7736,650,7734,2889,2263,1777,674,1011,27,2731,8280,6417,1114,108,4662,12,3725,1825,25,7737],"class_list":{"0":"post-78544","1":"post","2":"type-post","3":"status-publish","4":"format-standard","5":"has-post-thumbnail","7":"category-grenoble","8":"tag-actu","9":"tag-actualites","10":"tag-alpes","11":"tag-alpes1","12":"tag-auvergne-rhone-alpes","13":"tag-cds","14":"tag-cinema","15":"tag-ecoute","16":"tag-emission","17":"tag-equipe","18":"tag-eu","19":"tag-europe","20":"tag-fr","21":"tag-france","22":"tag-grenoble","23":"tag-haute","24":"tag-information","25":"tag-infos","26":"tag-isere","27":"tag-journal","28":"tag-news","29":"tag-podcast","30":"tag-radio","31":"tag-republique-francaise","32":"tag-winamp"},"share_on_mastodon":{"url":"https:\/\/pubeurope.com\/@fr\/114459362251569164","error":""},"_links":{"self":[{"href":"https:\/\/www.europesays.com\/fr\/wp-json\/wp\/v2\/posts\/78544","targetHints":{"allow":["GET"]}}],"collection":[{"href":"https:\/\/www.europesays.com\/fr\/wp-json\/wp\/v2\/posts"}],"about":[{"href":"https:\/\/www.europesays.com\/fr\/wp-json\/wp\/v2\/types\/post"}],"author":[{"embeddable":true,"href":"https:\/\/www.europesays.com\/fr\/wp-json\/wp\/v2\/users\/2"}],"replies":[{"embeddable":true,"href":"https:\/\/www.europesays.com\/fr\/wp-json\/wp\/v2\/comments?post=78544"}],"version-history":[{"count":0,"href":"https:\/\/www.europesays.com\/fr\/wp-json\/wp\/v2\/posts\/78544\/revisions"}],"wp:featuredmedia":[{"embeddable":true,"href":"https:\/\/www.europesays.com\/fr\/wp-json\/wp\/v2\/media\/78545"}],"wp:attachment":[{"href":"https:\/\/www.europesays.com\/fr\/wp-json\/wp\/v2\/media?parent=78544"}],"wp:term":[{"taxonomy":"category","embeddable":true,"href":"https:\/\/www.europesays.com\/fr\/wp-json\/wp\/v2\/categories?post=78544"},{"taxonomy":"post_tag","embeddable":true,"href":"https:\/\/www.europesays.com\/fr\/wp-json\/wp\/v2\/tags?post=78544"}],"curies":[{"name":"wp","href":"https:\/\/api.w.org\/{rel}","templated":true}]}}