{"id":78548,"date":"2025-05-06T06:01:13","date_gmt":"2025-05-06T06:01:13","guid":{"rendered":"https:\/\/www.europesays.com\/fr\/78548\/"},"modified":"2025-05-06T06:01:13","modified_gmt":"2025-05-06T06:01:13","slug":"pique-nique-marche-vente-de-plants-les-48h-de-lagriculture-urbaine-sont-de-retour-a-rennes","status":"publish","type":"post","link":"https:\/\/www.europesays.com\/fr\/78548\/","title":{"rendered":"Pique-nique, march\u00e9, vente de plants&#8230; Les 48h de l\u2019Agriculture urbaine sont de retour \u00e0 Rennes"},"content":{"rendered":"<p>            Par<br \/>\n        <strong><br \/>\n            <a href=\"https:\/\/actu.fr\/auteur\/lou-batteux\" title=\"Consulter tous les articles de Lou Batteux\" rel=\"nofollow noopener\" target=\"_blank\">Lou Batteux<\/a><br \/>\n        <\/strong><\/p>\n<p>        Publi\u00e9 le<\/p>\n<p>            6 mai 2025 \u00e0 7h02        <\/p>\n<p>Les<strong> 48h de l\u2019Agriculture urbaine<\/strong> font leur retour \u00e0 Rennes. Le festival\u00a0organis\u00e9 par <strong>Les Cols Verts<\/strong>, qui rassemble plusieurs milliers de curieux et de passionn\u00e9s depuis <strong>2020<\/strong>, promet cette ann\u00e9e \u00ab\u2009un programme riche et diversifi\u00e9 pour explorer l\u2019agriculture urbaine, la pr\u00e9servation du vivant et la transition \u00e9cologique\u2009\u00bb \u00e0 l\u2019occasion de son \u00e9dition anniversaire en 2025.<\/p>\n<p class=\" wall-content\">Pour participer l\u2019association Les Cols Verts donne rendez-vous aux Rennaises et aux Rennais, <strong>du vendredi\u00a016 au dimanche 18\u00a0mai.<\/strong><\/p>\n<p>Ce qui est pr\u00e9vu<\/p>\n<p class=\" wall-content\">Une <strong>vingtaine d\u2019animations<\/strong> est pr\u00e9vue dans diff\u00e9rents lieux de Rennes, mais aussi \u00e0 Chantepie et Thorign\u00e9-Fouillard, en collaboration avec de nombreux acteurs tels que Quartier Armorique, l\u2019association des Jardins Familiaux, la Chambre d\u2019Agriculture, Clairi\u00e8re Commune, l\u2019\u00c9comus\u00e9e de la Bintinais, Vilaine Pousse ou encore Aneth.<\/p>\n<p class=\" wall-content\"><strong>Au programme<\/strong>\u2009: un atelier de cuisine sauvage, une balade \u00e0 v\u00e9lo autour des jardins familiaux, une participation \u00e0 la Fresque de l\u2019alimentation ou encore une diffusion du film La Th\u00e9orie du Boxeur de Nathana\u00ebl Coste \u00e0 l\u2019Arvor.<\/p>\n<p><strong>Infos pratiques\u2009:<\/strong><br \/>\nDu 16 au 18\u00a0mai 2025, Les 48 h de l\u2019Agriculture urbaine. <a href=\"https:\/\/www.les48h.com\/villes\/rennes\/\" rel=\"nofollow noopener\" target=\"_blank\">Programme complet disponible en ligne<\/a>.<br \/>\nFestival gratuit et ouvert \u00e0 tous.Vid\u00e9os : en ce moment sur Actu<\/p>\n<p class=\" wall-content\">Suivez toute l\u2019actualit\u00e9 de vos villes et m\u00e9dias favoris en vous inscrivant \u00e0 <a href=\"https:\/\/moncompte.actu.fr\" title=\"D\u00e9couvez Mon Actu\" rel=\"nofollow noopener\" data-trk=\"{&quot;cta&quot;:{&quot;action&quot;:&quot;https:\\\/\\\/moncompte.actu.fr&quot;,&quot;category&quot;:&quot;mon compte&quot;,&quot;from&quot;:&quot;article footer&quot;,&quot;name&quot;:&quot;Mon actu&quot;,&quot;type&quot;:&quot;cta&quot;}}\" target=\"_blank\">Mon Actu<\/a>.<\/p>\n","protected":false},"excerpt":{"rendered":"Par Lou Batteux Publi\u00e9 le 6 mai 2025 \u00e0 7h02 Les 48h de l\u2019Agriculture urbaine font leur retour&hellip;\n","protected":false},"author":2,"featured_media":78549,"comment_status":"","ping_status":"","sticky":false,"template":"","format":"standard","meta":{"footnotes":""},"categories":[2821],"tags":[1111,11,327,829,1777,674,1011,27,1305,12,584,25],"class_list":{"0":"post-78548","1":"post","2":"type-post","3":"status-publish","4":"format-standard","5":"has-post-thumbnail","7":"category-rennes","8":"tag-actu","9":"tag-actualites","10":"tag-agriculture","11":"tag-bretagne","12":"tag-eu","13":"tag-europe","14":"tag-fr","15":"tag-france","16":"tag-lifestyle","17":"tag-news","18":"tag-rennes","19":"tag-republique-francaise"},"share_on_mastodon":{"url":"https:\/\/pubeurope.com\/@fr\/114459370057615271","error":""},"_links":{"self":[{"href":"https:\/\/www.europesays.com\/fr\/wp-json\/wp\/v2\/posts\/78548","targetHints":{"allow":["GET"]}}],"collection":[{"href":"https:\/\/www.europesays.com\/fr\/wp-json\/wp\/v2\/posts"}],"about":[{"href":"https:\/\/www.europesays.com\/fr\/wp-json\/wp\/v2\/types\/post"}],"author":[{"embeddable":true,"href":"https:\/\/www.europesays.com\/fr\/wp-json\/wp\/v2\/users\/2"}],"replies":[{"embeddable":true,"href":"https:\/\/www.europesays.com\/fr\/wp-json\/wp\/v2\/comments?post=78548"}],"version-history":[{"count":0,"href":"https:\/\/www.europesays.com\/fr\/wp-json\/wp\/v2\/posts\/78548\/revisions"}],"wp:featuredmedia":[{"embeddable":true,"href":"https:\/\/www.europesays.com\/fr\/wp-json\/wp\/v2\/media\/78549"}],"wp:attachment":[{"href":"https:\/\/www.europesays.com\/fr\/wp-json\/wp\/v2\/media?parent=78548"}],"wp:term":[{"taxonomy":"category","embeddable":true,"href":"https:\/\/www.europesays.com\/fr\/wp-json\/wp\/v2\/categories?post=78548"},{"taxonomy":"post_tag","embeddable":true,"href":"https:\/\/www.europesays.com\/fr\/wp-json\/wp\/v2\/tags?post=78548"}],"curies":[{"name":"wp","href":"https:\/\/api.w.org\/{rel}","templated":true}]}}